{"id":3911,"date":"2019-06-19T12:00:20","date_gmt":"2019-06-19T10:00:20","guid":{"rendered":"http:\/\/biblioteca.umh.es\/?p=3911"},"modified":"2019-06-19T12:07:33","modified_gmt":"2019-06-19T10:07:33","slug":"el-dia-24-de-junio-lunes-festividad-en-toda-la-comunidad-valenciana-dia-25-de-junio-festivo-local-en-san-juan","status":"publish","type":"post","link":"https:\/\/biblioteca.umh.es\/en\/2019\/06\/19\/el-dia-24-de-junio-lunes-festividad-en-toda-la-comunidad-valenciana-dia-25-de-junio-festivo-local-en-san-juan\/","title":{"rendered":"<span lang=\"es\">(Espa\u00f1ol) El d\u00eda 24 de Junio, lunes, festividad en toda la comunidad valenciana, d\u00eda 25 de Junio festivo local en San Juan<\/span>"},"content":{"rendered":"<p class=\"qtranxs-available-languages-message qtranxs-available-languages-message-en\">Sorry, this entry is only available in <a href=\"https:\/\/biblioteca.umh.es\/es\/wp-json\/wp\/v2\/posts\/3911\" class=\"qtranxs-available-language-link qtranxs-available-language-link-es\" title=\"Espa\u00f1ol\">European Spanish<\/a>.<\/p>","protected":false},"excerpt":{"rendered":"<p>Sorry, this entry is only available in European Spanish.<\/p>\n","protected":false},"author":3622,"featured_media":0,"comment_status":"closed","ping_status":"open","sticky":false,"template":"","format":"standard","meta":{"ngg_post_thumbnail":0,"_links_to":"","_links_to_target":""},"categories":[1],"tags":[],"_links":{"self":[{"href":"https:\/\/biblioteca.umh.es\/en\/wp-json\/wp\/v2\/posts\/3911"}],"collection":[{"href":"https:\/\/biblioteca.umh.es\/en\/wp-json\/wp\/v2\/posts"}],"about":[{"href":"https:\/\/biblioteca.umh.es\/en\/wp-json\/wp\/v2\/types\/post"}],"author":[{"embeddable":true,"href":"https:\/\/biblioteca.umh.es\/en\/wp-json\/wp\/v2\/users\/3622"}],"replies":[{"embeddable":true,"href":"https:\/\/biblioteca.umh.es\/en\/wp-json\/wp\/v2\/comments?post=3911"}],"version-history":[{"count":0,"href":"https:\/\/biblioteca.umh.es\/en\/wp-json\/wp\/v2\/posts\/3911\/revisions"}],"wp:attachment":[{"href":"https:\/\/biblioteca.umh.es\/en\/wp-json\/wp\/v2\/media?parent=3911"}],"wp:term":[{"taxonomy":"category","embeddable":true,"href":"https:\/\/biblioteca.umh.es\/en\/wp-json\/wp\/v2\/categories?post=3911"},{"taxonomy":"post_tag","embeddable":true,"href":"https:\/\/biblioteca.umh.es\/en\/wp-json\/wp\/v2\/tags?post=3911"}],"curies":[{"name":"wp","href":"https:\/\/api.w.org\/{rel}","templated":true}]}}