{"id":3869,"date":"2019-05-14T10:40:02","date_gmt":"2019-05-14T08:40:02","guid":{"rendered":"http:\/\/biblioteca.umh.es\/?p=3869"},"modified":"2019-05-14T15:01:09","modified_gmt":"2019-05-14T13:01:09","slug":"sesiones-del-grupo-de-intercambio-linguistico-y-cultural-en-la-biblioteca-de-la-facultad-de-bellas-artes-de-altea-la-asistencia-es-libre-y-gratuita-animate-y-participa-comienzan-el-24-de-mayo","status":"publish","type":"post","link":"https:\/\/biblioteca.umh.es\/ca\/2019\/05\/14\/sesiones-del-grupo-de-intercambio-linguistico-y-cultural-en-la-biblioteca-de-la-facultad-de-bellas-artes-de-altea-la-asistencia-es-libre-y-gratuita-animate-y-participa-comienzan-el-24-de-mayo\/","title":{"rendered":"<span lang=\"es\">(Espa\u00f1ol) Sesiones del Grupo de intercambio ling\u00fc\u00edstico y cultural en la Biblioteca de la Facultad de Bellas Artes de Altea ,  la asistencia es libre y gratuita. &#8220;Animate y participa, comienzan el 24 de Mayo&#8221;<\/span>"},"content":{"rendered":"<p class=\"qtranxs-available-languages-message qtranxs-available-languages-message-ca\">Ho sentim, aquesta entrada es troba disponible \u00fanicament en <a href=\"https:\/\/biblioteca.umh.es\/es\/wp-json\/wp\/v2\/posts\/3869\" class=\"qtranxs-available-language-link qtranxs-available-language-link-es\" title=\"Espa\u00f1ol\">Espanyol Europeu<\/a>.<\/p>","protected":false},"excerpt":{"rendered":"<p>Ho sentim, aquesta entrada es troba disponible \u00fanicament en Espanyol Europeu.<\/p>\n","protected":false},"author":3622,"featured_media":0,"comment_status":"closed","ping_status":"open","sticky":false,"template":"","format":"standard","meta":{"ngg_post_thumbnail":0,"_links_to":"","_links_to_target":""},"categories":[1],"tags":[],"_links":{"self":[{"href":"https:\/\/biblioteca.umh.es\/ca\/wp-json\/wp\/v2\/posts\/3869"}],"collection":[{"href":"https:\/\/biblioteca.umh.es\/ca\/wp-json\/wp\/v2\/posts"}],"about":[{"href":"https:\/\/biblioteca.umh.es\/ca\/wp-json\/wp\/v2\/types\/post"}],"author":[{"embeddable":true,"href":"https:\/\/biblioteca.umh.es\/ca\/wp-json\/wp\/v2\/users\/3622"}],"replies":[{"embeddable":true,"href":"https:\/\/biblioteca.umh.es\/ca\/wp-json\/wp\/v2\/comments?post=3869"}],"version-history":[{"count":0,"href":"https:\/\/biblioteca.umh.es\/ca\/wp-json\/wp\/v2\/posts\/3869\/revisions"}],"wp:attachment":[{"href":"https:\/\/biblioteca.umh.es\/ca\/wp-json\/wp\/v2\/media?parent=3869"}],"wp:term":[{"taxonomy":"category","embeddable":true,"href":"https:\/\/biblioteca.umh.es\/ca\/wp-json\/wp\/v2\/categories?post=3869"},{"taxonomy":"post_tag","embeddable":true,"href":"https:\/\/biblioteca.umh.es\/ca\/wp-json\/wp\/v2\/tags?post=3869"}],"curies":[{"name":"wp","href":"https:\/\/api.w.org\/{rel}","templated":true}]}}