{"id":18373,"date":"2026-09-02T15:55:31","date_gmt":"2026-09-02T13:55:31","guid":{"rendered":"https:\/\/biblioteca.umh.es\/?p=18373"},"modified":"2026-09-02T15:55:31","modified_gmt":"2026-09-02T13:55:31","slug":"formacion-online-web-of-science-15-16-y-17-de-septiembre","status":"publish","type":"post","link":"https:\/\/biblioteca.umh.es\/ca\/2026\/09\/02\/formacion-online-web-of-science-15-16-y-17-de-septiembre\/","title":{"rendered":"Formaci\u00f3 Online Web of Science. 15, 16 i 17 de setembre"},"content":{"rendered":"<p><\/p>\n<p style=\"text-align: justify\"><img loading=\"lazy\" class=\"size-medium wp-image-15839 alignleft\" src=\"https:\/\/biblioteca.umh.es\/files\/2025\/01\/FECYT-WOS-300x157.png\" alt=\"\" width=\"300\" height=\"157\" srcset=\"https:\/\/biblioteca.umh.es\/files\/2025\/01\/FECYT-WOS-300x157.png 300w, https:\/\/biblioteca.umh.es\/files\/2025\/01\/FECYT-WOS-768x401.png 768w, https:\/\/biblioteca.umh.es\/files\/2025\/01\/FECYT-WOS.png 1024w\" sizes=\"(max-width: 300px) 100vw, 300px\" \/><strong>Formaci\u00f3 online<\/strong> de la base de dades <strong>Web of Science<\/strong>, organitzat per FECYT juntament amb Clarivate, els dies <strong>15, 16 i 17 de setembre<\/strong>. L&#8217;objectiu \u00e9s oferir un conjunt de seminaris en l\u00ednia en temps real que aporten informaci\u00f3 pas a pas a la comunitat cient\u00edfica i investigadora per mitj\u00e0 de <strong>3 sessions en l\u00ednia gratu\u00eftes<\/strong>, en horari de <strong>13.30 a 14.30<\/strong> hores.&nbsp;<\/p>\n<p style=\"text-align: justify\"><strong>&#8211; Primeros pasos con Web of Science . 15 de setembre.&nbsp;<\/strong><\/p>\n<p style=\"text-align: justify\"><strong>&#8211; Buscar en Web of Science y guardar mis consultas . 16 de setembre.<\/strong><strong><br \/>\n<\/strong><\/p>\n<p style=\"text-align: justify\"><strong>&#8211; Identificar los documentos m\u00e1s importantes con Web of Science. 17 de setembre.<\/strong><\/p>\n<p style=\"text-align: justify\">El termini d&#8217;inscripci\u00f3 a estos cursos es troba obert, podeu fer-ho a trav\u00e9s del seg\u00fcent enlla\u00e7: <a href=\"https:\/\/www.recursoscientificos.fecyt.es\/servicios\/formacion\/online\" target=\"_blank\" rel=\"noopener\">Inscripci\u00f3<\/a>. \u00c9s obligatori inscriure&#8217;s amb un compte de correu institucional.<img loading=\"lazy\" class=\"size-medium wp-image-8941 alignright\" src=\"https:\/\/biblioteca.umh.es\/files\/2022\/02\/logo-biblioteca-300x153.png\" alt=\"Biblioteca Universitas Miguel Hern\u00e1ndez\" width=\"300\" height=\"153\" srcset=\"https:\/\/biblioteca.umh.es\/files\/2022\/02\/logo-biblioteca-300x153.png 300w, https:\/\/biblioteca.umh.es\/files\/2022\/02\/logo-biblioteca.png 390w\" sizes=\"(max-width: 300px) 100vw, 300px\" \/><\/p>\n<p>&nbsp;<\/p>","protected":false},"excerpt":{"rendered":"<p>Formaci\u00f3 online de la base de dades Web of Science, organitzat per FECYT juntament amb Clarivate, els dies 15, 16 i 17 de setembre. L&#8217;objectiu \u00e9s oferir un conjunt de seminaris en l\u00ednia en temps real que aporten informaci\u00f3 pas a pas a la comunitat cient\u00edfica i investigadora per mitj\u00e0 de 3 sessions en l\u00ednia [&#8230;]<\/p>\n","protected":false},"author":6155,"featured_media":0,"comment_status":"closed","ping_status":"open","sticky":false,"template":"","format":"standard","meta":{"ngg_post_thumbnail":0,"_links_to":"","_links_to_target":""},"categories":[8667],"tags":[],"_links":{"self":[{"href":"https:\/\/biblioteca.umh.es\/ca\/wp-json\/wp\/v2\/posts\/18373"}],"collection":[{"href":"https:\/\/biblioteca.umh.es\/ca\/wp-json\/wp\/v2\/posts"}],"about":[{"href":"https:\/\/biblioteca.umh.es\/ca\/wp-json\/wp\/v2\/types\/post"}],"author":[{"embeddable":true,"href":"https:\/\/biblioteca.umh.es\/ca\/wp-json\/wp\/v2\/users\/6155"}],"replies":[{"embeddable":true,"href":"https:\/\/biblioteca.umh.es\/ca\/wp-json\/wp\/v2\/comments?post=18373"}],"version-history":[{"count":0,"href":"https:\/\/biblioteca.umh.es\/ca\/wp-json\/wp\/v2\/posts\/18373\/revisions"}],"wp:attachment":[{"href":"https:\/\/biblioteca.umh.es\/ca\/wp-json\/wp\/v2\/media?parent=18373"}],"wp:term":[{"taxonomy":"category","embeddable":true,"href":"https:\/\/biblioteca.umh.es\/ca\/wp-json\/wp\/v2\/categories?post=18373"},{"taxonomy":"post_tag","embeddable":true,"href":"https:\/\/biblioteca.umh.es\/ca\/wp-json\/wp\/v2\/tags?post=18373"}],"curies":[{"name":"wp","href":"https:\/\/api.w.org\/{rel}","templated":true}]}}