{"id":17554,"date":"2026-04-29T19:51:03","date_gmt":"2026-04-29T17:51:03","guid":{"rendered":"https:\/\/biblioteca.umh.es\/?p=17554"},"modified":"2026-04-29T19:51:03","modified_gmt":"2026-04-29T17:51:03","slug":"calendario-de-formacion-en-elibro-mayo-2026","status":"publish","type":"post","link":"https:\/\/biblioteca.umh.es\/ca\/2026\/04\/29\/calendario-de-formacion-en-elibro-mayo-2026\/","title":{"rendered":"Calendari de Formaci\u00f3\u00a0en\u00a0eLibro maig 2026"},"content":{"rendered":"<p><\/p>\n<p style=\"text-align: justify\"><a href=\"https:\/\/biblioteca.umh.es\/files\/2026\/02\/formacion-feb-mar.png\"><img loading=\"lazy\" class=\"size-medium wp-image-17330 alignleft\" src=\"https:\/\/biblioteca.umh.es\/files\/2026\/02\/formacion-feb-mar-300x300.png\" alt=\"\" width=\"300\" height=\"300\" srcset=\"https:\/\/biblioteca.umh.es\/files\/2026\/02\/formacion-feb-mar-300x300.png 300w, https:\/\/biblioteca.umh.es\/files\/2026\/02\/formacion-feb-mar-1024x1024.png 1024w, https:\/\/biblioteca.umh.es\/files\/2026\/02\/formacion-feb-mar-150x150.png 150w, https:\/\/biblioteca.umh.es\/files\/2026\/02\/formacion-feb-mar-768x768.png 768w, https:\/\/biblioteca.umh.es\/files\/2026\/02\/formacion-feb-mar.png 1080w\" sizes=\"(max-width: 300px) 100vw, 300px\" \/><\/a>Nou <strong>Calendari de <a href=\"https:\/\/elibro.es\/\" target=\"_blank\" rel=\"noopener\">Formaci\u00f3<\/a> en eLibro<\/strong> per al mes de <strong>maig<\/strong> de 2026. Tots els <strong>dimarts<\/strong> a les <strong>13:00 hores<\/strong>, amb una duraci\u00f3 de <strong>30 minuts<\/strong>. Inscripci\u00f3 oberta a estudiants, investigadors, professors i bibliotecaris, amb certificat d&#8217;assist\u00e8ncia i enlla\u00e7 a la gravaci\u00f3 per als assistents.<\/p>\n<p style=\"text-align: justify\">L&#8217;objectiu del curs \u00e9s con\u00e9ixer la <strong>Biblioteca Virtual eLibro<\/strong>, crear un compte, buscar, llegir en l\u00ednia, eLi (ferramenta d&#8217;intel\u00b7lig\u00e8ncia artificial), descarregar llibres amb l&#8217;APP, etc.<\/p>\n<table class=\"table table-striped custom-table-ia text-2\">\n<thead class=\"text-left\">\n<tr>\n<th>Maig 2026<\/th>\n<th>Descripci\u00f3<\/th>\n<th>Inscripci\u00f3<\/th>\n<\/tr>\n<\/thead>\n<tbody>\n<tr>\n<td>Dimarts 5<\/td>\n<td>13:00 &#8211;&nbsp;<span class=\"text-color-danger\">Formaci\u00f3 per a estudiants.<\/span><\/td>\n<td><a href=\"https:\/\/us02web.zoom.us\/meeting\/register\/InugWOlZSACjZQRPLtDyaw\" target=\"_blank\" rel=\"noopener\">Inscripci\u00f3<\/a><\/td>\n<\/tr>\n<tr>\n<td>Dimarts 12<\/td>\n<td>13:00 &#8211;&nbsp;<span class=\"text-color-danger\">Formaci\u00f3 per a bibliotecaris.<\/span><\/td>\n<td><a href=\"https:\/\/us02web.zoom.us\/meeting\/register\/YYjehgH7ReSNxzGwAXn54Q\" target=\"_blank\" rel=\"noopener\">Inscripci\u00f3<\/a><\/td>\n<\/tr>\n<tr>\n<td>Dimarts 19<\/td>\n<td>13:00 &#8211;&nbsp;<span class=\"text-color-danger\">Formaci\u00f3 per a professors.<\/span><\/td>\n<td><a href=\"https:\/\/us02web.zoom.us\/meeting\/register\/C-LxkLQxQ3qnRPP8SfgRag\" target=\"_blank\" rel=\"noopener\">Inscripci\u00f3<\/a><\/td>\n<\/tr>\n<\/tbody>\n<\/table>\n<p><\/p>","protected":false},"excerpt":{"rendered":"<p>Nou Calendari de Formaci\u00f3 en eLibro per al mes de maig de 2026. Tots els dimarts a les 13:00 hores, amb una duraci\u00f3 de 30 minuts. Inscripci\u00f3 oberta a estudiants, investigadors, professors i bibliotecaris, amb certificat d&#8217;assist\u00e8ncia i enlla\u00e7 a la gravaci\u00f3 per als assistents.<br \/>\nL&#8217;objectiu del curs \u00e9s con\u00e9ixer la Biblioteca Virtual eLibro, crear un [&#8230;]<\/p>\n","protected":false},"author":6155,"featured_media":0,"comment_status":"closed","ping_status":"open","sticky":false,"template":"","format":"standard","meta":{"ngg_post_thumbnail":0,"_links_to":"","_links_to_target":""},"categories":[8667],"tags":[],"_links":{"self":[{"href":"https:\/\/biblioteca.umh.es\/ca\/wp-json\/wp\/v2\/posts\/17554"}],"collection":[{"href":"https:\/\/biblioteca.umh.es\/ca\/wp-json\/wp\/v2\/posts"}],"about":[{"href":"https:\/\/biblioteca.umh.es\/ca\/wp-json\/wp\/v2\/types\/post"}],"author":[{"embeddable":true,"href":"https:\/\/biblioteca.umh.es\/ca\/wp-json\/wp\/v2\/users\/6155"}],"replies":[{"embeddable":true,"href":"https:\/\/biblioteca.umh.es\/ca\/wp-json\/wp\/v2\/comments?post=17554"}],"version-history":[{"count":0,"href":"https:\/\/biblioteca.umh.es\/ca\/wp-json\/wp\/v2\/posts\/17554\/revisions"}],"wp:attachment":[{"href":"https:\/\/biblioteca.umh.es\/ca\/wp-json\/wp\/v2\/media?parent=17554"}],"wp:term":[{"taxonomy":"category","embeddable":true,"href":"https:\/\/biblioteca.umh.es\/ca\/wp-json\/wp\/v2\/categories?post=17554"},{"taxonomy":"post_tag","embeddable":true,"href":"https:\/\/biblioteca.umh.es\/ca\/wp-json\/wp\/v2\/tags?post=17554"}],"curies":[{"name":"wp","href":"https:\/\/api.w.org\/{rel}","templated":true}]}}