{"id":17452,"date":"2026-03-25T20:05:21","date_gmt":"2026-03-25T19:05:21","guid":{"rendered":"https:\/\/biblioteca.umh.es\/?p=17452"},"modified":"2026-03-25T20:05:21","modified_gmt":"2026-03-25T19:05:21","slug":"webinar-medicina-personalizada-y-farmacogenomica-9-de-abril","status":"publish","type":"post","link":"https:\/\/biblioteca.umh.es\/ca\/2026\/03\/25\/webinar-medicina-personalizada-y-farmacogenomica-9-de-abril\/","title":{"rendered":"Seminari web. Medicina personalitzada i farmacogen\u00f3mica. 9 d&#8217;Abril"},"content":{"rendered":"<p><\/p>\n<p style=\"text-align: justify\"><a href=\"https:\/\/urldefense.com\/v3\/__https:\/event.on24.com\/wcc\/r\/5209865\/DE819DBE9050A288D1C8FC28A14D38FC?utm_source=Email&amp;utm_medium=SalesTemplate&amp;utm_campaign=2026_04_01_LexiWebinarEu_Demand_INT_Hospitals_Europe_*5BWB*5D*20Webinar__;JSUl!!D9dNQwwGXtA!X3Z1Colres1jyPmIwfL6LarlWLxaiIyVTV1y1oKAYZWFmYes1WVKspOpnve6jilbATgoEl2ObtH0iM16i4uxNxBUHO5i-qPWbPQ$\" target=\"_blank\" rel=\"noopener\"><img loading=\"lazy\" class=\"size-medium wp-image-17455 alignleft\" src=\"https:\/\/biblioteca.umh.es\/files\/2026\/03\/Email-header-v2-300x141.jpg\" alt=\"\" width=\"300\" height=\"141\" srcset=\"https:\/\/biblioteca.umh.es\/files\/2026\/03\/Email-header-v2-300x141.jpg 300w, https:\/\/biblioteca.umh.es\/files\/2026\/03\/Email-header-v2-768x360.jpg 768w, https:\/\/biblioteca.umh.es\/files\/2026\/03\/Email-header-v2.jpg 854w\" sizes=\"(max-width: 300px) 100vw, 300px\" \/><\/a>Seminari web formatiu centrat en un dels camps m\u00e9s innovadors de la salut. Sota el t\u00edtol \u201c<strong>Medicina personalitzada i farmacogen\u00f3mica<\/strong>\u201d, esta sessi\u00f3 pret\u00e9n acostar als professionals sanitaris a ferramentes i enfocaments que ja estan canviant la pr\u00e0ctica cl\u00ednica.<\/p>\n<p style=\"text-align: justify\">El seminari tindr\u00e0 un enfocament pr\u00e0ctic, revisant com estes innovacions estan influint directament en la presa de decisions cl\u00edniques i com poden aportar valor real a les organitzacions sanit\u00e0ries. La sessi\u00f3 comptar\u00e0 amb la participaci\u00f3 de Jordan Fulcher, MPharm, qui oferir\u00e0 una demostraci\u00f3 pr\u00e0ctica de la ferramenta UpToDate Lexidrug.&nbsp;<\/p>\n<p style=\"text-align: justify\">La sessi\u00f3 s&#8217;impartir\u00e0 en <strong>angl\u00e9s<\/strong> i tindr\u00e0 lloc el <strong>9 d&#8217;abril d&#8217;11.30 a 12.00<\/strong>. Els interessats poden inscriure&#8217;s en el seg\u00fcent enlla\u00e7: <b><a title=\"https:\/\/event.on24.com\/wcc\/r\/5209865\/DE819DBE9050A288D1C8FC28A14D38FC?utm_source=Email&amp;utm_medium=SalesTemplate&amp;utm_campaign=2026_04_01_LexiWebinarEu_Demand_INT_Hospitals_Europe_%5BWB%5D%20Webinar\" href=\"https:\/\/urldefense.com\/v3\/__https:\/event.on24.com\/wcc\/r\/5209865\/DE819DBE9050A288D1C8FC28A14D38FC?utm_source=Email&amp;utm_medium=SalesTemplate&amp;utm_campaign=2026_04_01_LexiWebinarEu_Demand_INT_Hospitals_Europe_*5BWB*5D*20Webinar__;JSUl!!D9dNQwwGXtA!X3Z1Colres1jyPmIwfL6LarlWLxaiIyVTV1y1oKAYZWFmYes1WVKspOpnve6jilbATgoEl2ObtH0iM16i4uxNxBUHO5i-qPWbPQ$\" target=\"_blank\" rel=\"noopener\" data-saferedirecturl=\"https:\/\/www.google.com\/url?q=https:\/\/urldefense.com\/v3\/__https:\/event.on24.com\/wcc\/r\/5209865\/DE819DBE9050A288D1C8FC28A14D38FC?utm_source%3DEmail%26utm_medium%3DSalesTemplate%26utm_campaign%3D2026_04_01_LexiWebinarEu_Demand_INT_Hospitals_Europe_*5BWB*5D*20Webinar__;JSUl!!D9dNQwwGXtA!X3Z1Colres1jyPmIwfL6LarlWLxaiIyVTV1y1oKAYZWFmYes1WVKspOpnve6jilbATgoEl2ObtH0iM16i4uxNxBUHO5i-qPWbPQ$&amp;source=gmail&amp;ust=1774548619662000&amp;usg=AOvVaw1_8uiAsaOJWBkTsyQCbHrJ\">Inscripci\u00f3<\/a><\/b>. A m\u00e9s, els qui no puguen assistir en directe podran registrar-se igualment per a rebre la gravaci\u00f3 i veure-la en el moment que millor els convinga.<img loading=\"lazy\" class=\"size-medium wp-image-8941 alignright\" src=\"https:\/\/biblioteca.umh.es\/files\/2022\/02\/logo-biblioteca-300x153.png\" alt=\"Biblioteca Universitas Miguel Hern\u00e1ndez\" width=\"300\" height=\"153\" srcset=\"https:\/\/biblioteca.umh.es\/files\/2022\/02\/logo-biblioteca-300x153.png 300w, https:\/\/biblioteca.umh.es\/files\/2022\/02\/logo-biblioteca.png 390w\" sizes=\"(max-width: 300px) 100vw, 300px\" \/><\/p>\n<p data-start=\"1206\" data-end=\"1397\">&nbsp;<\/p>\n<p><\/p>","protected":false},"excerpt":{"rendered":"<p>Seminari web formatiu centrat en un dels camps m\u00e9s innovadors de la salut. Sota el t\u00edtol \u201cMedicina personalitzada i farmacogen\u00f3mica\u201d, esta sessi\u00f3 pret\u00e9n acostar als professionals sanitaris a ferramentes i enfocaments que ja estan canviant la pr\u00e0ctica cl\u00ednica.<br \/>\nEl seminari tindr\u00e0 un enfocament pr\u00e0ctic, revisant com estes innovacions estan influint directament en la presa de decisions [&#8230;]<\/p>\n","protected":false},"author":6155,"featured_media":0,"comment_status":"closed","ping_status":"open","sticky":false,"template":"","format":"standard","meta":{"ngg_post_thumbnail":0,"_links_to":"","_links_to_target":""},"categories":[8667],"tags":[],"_links":{"self":[{"href":"https:\/\/biblioteca.umh.es\/ca\/wp-json\/wp\/v2\/posts\/17452"}],"collection":[{"href":"https:\/\/biblioteca.umh.es\/ca\/wp-json\/wp\/v2\/posts"}],"about":[{"href":"https:\/\/biblioteca.umh.es\/ca\/wp-json\/wp\/v2\/types\/post"}],"author":[{"embeddable":true,"href":"https:\/\/biblioteca.umh.es\/ca\/wp-json\/wp\/v2\/users\/6155"}],"replies":[{"embeddable":true,"href":"https:\/\/biblioteca.umh.es\/ca\/wp-json\/wp\/v2\/comments?post=17452"}],"version-history":[{"count":0,"href":"https:\/\/biblioteca.umh.es\/ca\/wp-json\/wp\/v2\/posts\/17452\/revisions"}],"wp:attachment":[{"href":"https:\/\/biblioteca.umh.es\/ca\/wp-json\/wp\/v2\/media?parent=17452"}],"wp:term":[{"taxonomy":"category","embeddable":true,"href":"https:\/\/biblioteca.umh.es\/ca\/wp-json\/wp\/v2\/categories?post=17452"},{"taxonomy":"post_tag","embeddable":true,"href":"https:\/\/biblioteca.umh.es\/ca\/wp-json\/wp\/v2\/tags?post=17452"}],"curies":[{"name":"wp","href":"https:\/\/api.w.org\/{rel}","templated":true}]}}