{"id":17432,"date":"2026-03-23T14:46:34","date_gmt":"2026-03-23T13:46:34","guid":{"rendered":"https:\/\/biblioteca.umh.es\/?p=17432"},"modified":"2026-03-23T15:37:35","modified_gmt":"2026-03-23T14:37:35","slug":"26-de-marzo-dia-mundial-del-clima","status":"publish","type":"post","link":"https:\/\/biblioteca.umh.es\/ca\/2026\/03\/23\/26-de-marzo-dia-mundial-del-clima\/","title":{"rendered":"26 de Mar\u00e7. Dia Mundial del Clima"},"content":{"rendered":"<p><\/p>\n<p style=\"text-align: justify\" data-start=\"0\" data-end=\"157\"><img loading=\"lazy\" class=\"size-medium wp-image-17435 alignleft\" src=\"https:\/\/biblioteca.umh.es\/files\/2026\/03\/Copia-de-Copia-de-jornadas-mujer-en-la-ciencia-300x212.png\" alt=\"\" width=\"300\" height=\"212\" srcset=\"https:\/\/biblioteca.umh.es\/files\/2026\/03\/Copia-de-Copia-de-jornadas-mujer-en-la-ciencia-300x212.png 300w, https:\/\/biblioteca.umh.es\/files\/2026\/03\/Copia-de-Copia-de-jornadas-mujer-en-la-ciencia-1024x724.png 1024w, https:\/\/biblioteca.umh.es\/files\/2026\/03\/Copia-de-Copia-de-jornadas-mujer-en-la-ciencia-768x543.png 768w, https:\/\/biblioteca.umh.es\/files\/2026\/03\/Copia-de-Copia-de-jornadas-mujer-en-la-ciencia-1536x1086.png 1536w, https:\/\/biblioteca.umh.es\/files\/2026\/03\/Copia-de-Copia-de-jornadas-mujer-en-la-ciencia-2048x1448.png 2048w\" sizes=\"(max-width: 300px) 100vw, 300px\" \/><\/p>\n<p style=\"text-align: justify\">La <strong>Biblioteca<\/strong> de la <strong>UMH<\/strong> del campus d&#8217;Elx ha preparat una selecci\u00f3 especial de llibres i recursos amb motiu del <strong>Dia Mundial del Clima,<\/strong> que se celebra el 26 de mar\u00e7. Esta iniciativa busca acostar a estudiants, investigadors i p\u00fablic general a temes clau com el canvi clim\u00e0tic, la sostenibilitat i l&#8217;impacte ambiental.<\/p>\n<p style=\"text-align: justify\">La selecci\u00f3 inclou assajos divulgatius i estudis cient\u00edfics, l&#8217;objectiu dels quals \u00e9s fomentar la reflexi\u00f3 i oferir ferramentes per a comprendre millor els reptes clim\u00e0tics actuals. Recomanem especialment esta mostra bibliogr\u00e0fica als qui vulguen iniciar-se en el tema sense perdre&#8217;s en textos massa t\u00e8cnics.<\/p>\n<p style=\"text-align: justify\">Amb esta mena d&#8217;accions, la Biblioteca refor\u00e7a el seu comprom\u00eds amb la conscienciaci\u00f3 ambiental i el paper de les biblioteques com a espais clau per a la difusi\u00f3 del coneixement.<\/p>\n<table class=\"tipo4\" style=\"margin-left: auto;margin-right: auto;width: 100%;border: hidden\" summary=\"piv\">\n<tbody>\n<tr>\n<td><a href=\"https:\/\/biblioteca.umh.es\/files\/2026\/03\/20260323_150930-Copia-scaled.jpg\"><img loading=\"lazy\" class=\"alignnone size-medium wp-image-17444\" src=\"https:\/\/biblioteca.umh.es\/files\/2026\/03\/20260323_150930-Copia-300x225.jpg\" alt=\"\" width=\"300\" height=\"225\" srcset=\"https:\/\/biblioteca.umh.es\/files\/2026\/03\/20260323_150930-Copia-300x225.jpg 300w, https:\/\/biblioteca.umh.es\/files\/2026\/03\/20260323_150930-Copia-1024x768.jpg 1024w, https:\/\/biblioteca.umh.es\/files\/2026\/03\/20260323_150930-Copia-768x576.jpg 768w, https:\/\/biblioteca.umh.es\/files\/2026\/03\/20260323_150930-Copia-1536x1152.jpg 1536w, https:\/\/biblioteca.umh.es\/files\/2026\/03\/20260323_150930-Copia-2048x1536.jpg 2048w\" sizes=\"(max-width: 300px) 100vw, 300px\" \/><\/a><\/td>\n<td><a href=\"https:\/\/biblioteca.umh.es\/files\/2026\/03\/Dia-del-Clima-scaled.jpg\"><img loading=\"lazy\" class=\"alignnone size-medium wp-image-17447\" src=\"https:\/\/biblioteca.umh.es\/files\/2026\/03\/Dia-del-Clima-300x225.jpg\" alt=\"\" width=\"300\" height=\"225\" srcset=\"https:\/\/biblioteca.umh.es\/files\/2026\/03\/Dia-del-Clima-300x225.jpg 300w, https:\/\/biblioteca.umh.es\/files\/2026\/03\/Dia-del-Clima-1024x768.jpg 1024w, https:\/\/biblioteca.umh.es\/files\/2026\/03\/Dia-del-Clima-768x576.jpg 768w, https:\/\/biblioteca.umh.es\/files\/2026\/03\/Dia-del-Clima-1536x1152.jpg 1536w, https:\/\/biblioteca.umh.es\/files\/2026\/03\/Dia-del-Clima-2048x1536.jpg 2048w\" sizes=\"(max-width: 300px) 100vw, 300px\" \/><\/a><\/td>\n<td>&nbsp;<\/td>\n<td><img loading=\"lazy\" class=\"alignnone size-medium wp-image-15419\" src=\"https:\/\/biblioteca.umh.es\/files\/2024\/10\/Copia-de-Diseno-sin-titulo-300x175.png\" alt=\"\" width=\"300\" height=\"175\" srcset=\"https:\/\/biblioteca.umh.es\/files\/2024\/10\/Copia-de-Diseno-sin-titulo-300x175.png 300w, https:\/\/biblioteca.umh.es\/files\/2024\/10\/Copia-de-Diseno-sin-titulo-1024x597.png 1024w, https:\/\/biblioteca.umh.es\/files\/2024\/10\/Copia-de-Diseno-sin-titulo-768x448.png 768w, https:\/\/biblioteca.umh.es\/files\/2024\/10\/Copia-de-Diseno-sin-titulo-1536x896.png 1536w, https:\/\/biblioteca.umh.es\/files\/2024\/10\/Copia-de-Diseno-sin-titulo-2048x1195.png 2048w\" sizes=\"(max-width: 300px) 100vw, 300px\" \/><\/td>\n<\/tr>\n<\/tbody>\n<\/table>\n<p><\/p>","protected":false},"excerpt":{"rendered":"<p>La Biblioteca de la UMH del campus d&#8217;Elx ha preparat una selecci\u00f3 especial de llibres i recursos amb motiu del Dia Mundial del Clima, que se celebra el 26 de mar\u00e7. Esta iniciativa busca acostar a estudiants, investigadors i p\u00fablic general a temes clau com el canvi clim\u00e0tic, la sostenibilitat i l&#8217;impacte ambiental.<br \/>\nLa selecci\u00f3 inclou [&#8230;]<\/p>\n","protected":false},"author":6155,"featured_media":0,"comment_status":"closed","ping_status":"open","sticky":false,"template":"","format":"standard","meta":{"ngg_post_thumbnail":0,"_links_to":"","_links_to_target":""},"categories":[1],"tags":[],"_links":{"self":[{"href":"https:\/\/biblioteca.umh.es\/ca\/wp-json\/wp\/v2\/posts\/17432"}],"collection":[{"href":"https:\/\/biblioteca.umh.es\/ca\/wp-json\/wp\/v2\/posts"}],"about":[{"href":"https:\/\/biblioteca.umh.es\/ca\/wp-json\/wp\/v2\/types\/post"}],"author":[{"embeddable":true,"href":"https:\/\/biblioteca.umh.es\/ca\/wp-json\/wp\/v2\/users\/6155"}],"replies":[{"embeddable":true,"href":"https:\/\/biblioteca.umh.es\/ca\/wp-json\/wp\/v2\/comments?post=17432"}],"version-history":[{"count":0,"href":"https:\/\/biblioteca.umh.es\/ca\/wp-json\/wp\/v2\/posts\/17432\/revisions"}],"wp:attachment":[{"href":"https:\/\/biblioteca.umh.es\/ca\/wp-json\/wp\/v2\/media?parent=17432"}],"wp:term":[{"taxonomy":"category","embeddable":true,"href":"https:\/\/biblioteca.umh.es\/ca\/wp-json\/wp\/v2\/categories?post=17432"},{"taxonomy":"post_tag","embeddable":true,"href":"https:\/\/biblioteca.umh.es\/ca\/wp-json\/wp\/v2\/tags?post=17432"}],"curies":[{"name":"wp","href":"https:\/\/api.w.org\/{rel}","templated":true}]}}