{"id":17315,"date":"2026-02-24T19:07:05","date_gmt":"2026-02-24T18:07:05","guid":{"rendered":"https:\/\/biblioteca.umh.es\/?p=17315"},"modified":"2026-02-24T19:07:05","modified_gmt":"2026-02-24T18:07:05","slug":"club-de-lectura-umh-marzo-2026","status":"publish","type":"post","link":"https:\/\/biblioteca.umh.es\/ca\/2026\/02\/24\/club-de-lectura-umh-marzo-2026\/","title":{"rendered":"Club de Lectura UMH Mar\u00e7 2026"},"content":{"rendered":"<p><\/p>\n<p style=\"text-align: justify\"><a href=\"https:\/\/biblioteca.umh.es\/files\/2026\/02\/Club-de-Lectura-Marzo-2026.png\"><img loading=\"lazy\" class=\"size-medium wp-image-17318 alignleft\" src=\"https:\/\/biblioteca.umh.es\/files\/2026\/02\/Club-de-Lectura-Marzo-2026-300x300.png\" alt=\"\" width=\"300\" height=\"300\" srcset=\"https:\/\/biblioteca.umh.es\/files\/2026\/02\/Club-de-Lectura-Marzo-2026-300x300.png 300w, https:\/\/biblioteca.umh.es\/files\/2026\/02\/Club-de-Lectura-Marzo-2026-1024x1024.png 1024w, https:\/\/biblioteca.umh.es\/files\/2026\/02\/Club-de-Lectura-Marzo-2026-150x150.png 150w, https:\/\/biblioteca.umh.es\/files\/2026\/02\/Club-de-Lectura-Marzo-2026-768x768.png 768w, https:\/\/biblioteca.umh.es\/files\/2026\/02\/Club-de-Lectura-Marzo-2026.png 1080w\" sizes=\"(max-width: 300px) 100vw, 300px\" \/><\/a>El <a href=\"https:\/\/biblioteca.umh.es\/ca\/servicios\/club-de-lectura\/\" target=\"_blank\" rel=\"noopener\">Club de Lectura UMH<\/a> continua amb les reunions, la nostra pr\u00f2xima cita \u00e9s el 24 de mar\u00e7, a la Biblioteca UMH del campus d&#8217;Elx, en l&#8217;Edifici Altabix.<\/p>\n<p style=\"text-align: justify\">Este mes hem seleccionat &#8220;<strong>Los surcos del azar<\/strong>&#8221; de Paco Roca, un c\u00f2mic que combina record personal, context hist\u00f2ric i molta c\u00e0rrega humana per a traure de l&#8217;oblit una hist\u00f2ria poc contada: la d&#8217;un grup de republicans espanyols que, despr\u00e9s d&#8217;exiliar-se, van acabar sent els primers a entrar a <strong>Par\u00eds<\/strong> en <strong>1944<\/strong> durant l&#8217;alliberament del domini nazi.<\/p>\n<p style=\"text-align: justify\">Encara no t&#8217;has inscrit al Club de Lectura? Per a aix\u00f2 pots enviar un correu a <a class=\"mail-link\" href=\"mailto:lectura@umh.es\" data-enc-email=\"yrpghen[at]hzu.rf\" data-wpel-link=\"ignore\"><span id=\"eeb-657044-684123\">lectura@umh.es<\/span><\/a>. Uneix-te a la nostra comunitat de lectors i descobrix el plaer de la lectura i el di\u00e0leg, a m\u00e9s pots <a href=\"https:\/\/dama.umh.es\/discovery\/fulldisplay?docid=alma991001496955806331&amp;context=L&amp;vid=34CVA_UMH:VU1&amp;lang=es&amp;search_scope=MyInst_and_CI&amp;adaptor=Local%20Search%20Engine&amp;tab=Everything&amp;query=any,contains,los%20surcos%20del%20azar%20paco%20roca&amp;offset=0\" target=\"_blank\" rel=\"noopener\">reservar el teu exemplar<\/a> en el cat\u00e0leg de la Biblioteca UMH.&nbsp; &nbsp; &nbsp; &nbsp; &nbsp; &nbsp; &nbsp; &nbsp; &nbsp; &nbsp; &nbsp; &nbsp; &nbsp; &nbsp; &nbsp; &nbsp; &nbsp; &nbsp; &nbsp; &nbsp; &nbsp; &nbsp; &nbsp; &nbsp; &nbsp; &nbsp; &nbsp; &nbsp; &nbsp; &nbsp; &nbsp; &nbsp; &nbsp; &nbsp; &nbsp; &nbsp; &nbsp; &nbsp; &nbsp; &nbsp; &nbsp;<img loading=\"lazy\" class=\"size-medium wp-image-8941 alignright\" src=\"https:\/\/biblioteca.umh.es\/files\/2022\/02\/logo-biblioteca-300x153.png\" alt=\"Biblioteca Universitas Miguel Hern\u00e1ndez\" width=\"300\" height=\"153\" srcset=\"https:\/\/biblioteca.umh.es\/files\/2022\/02\/logo-biblioteca-300x153.png 300w, https:\/\/biblioteca.umh.es\/files\/2022\/02\/logo-biblioteca.png 390w\" sizes=\"(max-width: 300px) 100vw, 300px\" \/><\/p>\n<p style=\"text-align: justify\">&nbsp;<\/p>\n<p><\/p>","protected":false},"excerpt":{"rendered":"<p>El Club de Lectura UMH continua amb les reunions, la nostra pr\u00f2xima cita \u00e9s el 24 de mar\u00e7, a la Biblioteca UMH del campus d&#8217;Elx, en l&#8217;Edifici Altabix.<br \/>\nEste mes hem seleccionat &#8220;Los surcos del azar&#8221; de Paco Roca, un c\u00f2mic que combina record personal, context hist\u00f2ric i molta c\u00e0rrega humana per a traure de l&#8217;oblit [&#8230;]<\/p>\n","protected":false},"author":6155,"featured_media":0,"comment_status":"closed","ping_status":"open","sticky":false,"template":"","format":"standard","meta":{"ngg_post_thumbnail":0,"_links_to":"","_links_to_target":""},"categories":[3425],"tags":[],"_links":{"self":[{"href":"https:\/\/biblioteca.umh.es\/ca\/wp-json\/wp\/v2\/posts\/17315"}],"collection":[{"href":"https:\/\/biblioteca.umh.es\/ca\/wp-json\/wp\/v2\/posts"}],"about":[{"href":"https:\/\/biblioteca.umh.es\/ca\/wp-json\/wp\/v2\/types\/post"}],"author":[{"embeddable":true,"href":"https:\/\/biblioteca.umh.es\/ca\/wp-json\/wp\/v2\/users\/6155"}],"replies":[{"embeddable":true,"href":"https:\/\/biblioteca.umh.es\/ca\/wp-json\/wp\/v2\/comments?post=17315"}],"version-history":[{"count":0,"href":"https:\/\/biblioteca.umh.es\/ca\/wp-json\/wp\/v2\/posts\/17315\/revisions"}],"wp:attachment":[{"href":"https:\/\/biblioteca.umh.es\/ca\/wp-json\/wp\/v2\/media?parent=17315"}],"wp:term":[{"taxonomy":"category","embeddable":true,"href":"https:\/\/biblioteca.umh.es\/ca\/wp-json\/wp\/v2\/categories?post=17315"},{"taxonomy":"post_tag","embeddable":true,"href":"https:\/\/biblioteca.umh.es\/ca\/wp-json\/wp\/v2\/tags?post=17315"}],"curies":[{"name":"wp","href":"https:\/\/api.w.org\/{rel}","templated":true}]}}