{"id":17152,"date":"2026-01-07T09:03:18","date_gmt":"2026-01-07T08:03:18","guid":{"rendered":"https:\/\/biblioteca.umh.es\/?p=17152"},"modified":"2026-01-07T09:03:18","modified_gmt":"2026-01-07T08:03:18","slug":"7-de-enero-bibliotecas-umh-abiertas-en-su-horario-habitual","status":"publish","type":"post","link":"https:\/\/biblioteca.umh.es\/ca\/2026\/01\/07\/7-de-enero-bibliotecas-umh-abiertas-en-su-horario-habitual\/","title":{"rendered":"7 de Gener. Biblioteques UMH obertes en el seu horari habitual."},"content":{"rendered":"<p><\/p>\n<p style=\"text-align: justify\">Hui, <strong>7 de gener<\/strong>, les <strong>Biblioteques UMH<\/strong>&nbsp;reobrin les seues portes despr\u00e9s del per\u00edode vacacional. Amb esta reobertura, dona principi tamb\u00e9 el per\u00edode d&#8217;ex\u00e0mens i les biblioteques tornen a convertir-se en el principal punt d&#8217;aflu\u00e8ncia de la comunitat Universit\u00e0ria.<\/p>\n<p style=\"text-align: justify\">A m\u00e9s, per a complementar l&#8217;horari habitual de les biblioteques i facilitar l&#8217;estudi durant estes setmanes intensives, la UMH posa a la disposici\u00f3 de l&#8217;estudiantat <strong>sales d&#8217;estudi 24 hores<\/strong>, que permeten continuar amb la preparaci\u00f3 dels ex\u00e0mens fora de l&#8217;horari convencional.<\/p>\n<p style=\"text-align: justify\">\u00c9s un bon moment per a recordar-vos que les Biblioteques UMH no sols oferixen un espai d&#8217;estudi, sin\u00f3 tamb\u00e9 una \u00e0mplia gamma de servicis dissenyats per a facilitar el vostre aprenentatge. Comptem amb <a href=\"https:\/\/biblioteca.umh.es\/ca\/salas-de-trabajo\/\" target=\"_blank\" rel=\"noopener\">sales de treball en grup<\/a>, ideals per a preparar presentacions o projectes col\u00b7laboratius, <a href=\"https:\/\/biblioteca.umh.es\/ca\/servicios\/\" target=\"_blank\" rel=\"noopener\">servicis<\/a> d&#8217;acc\u00e9s a recursos digitals i bibliogr\u00e0fics, i zones adaptades per a diferents necessitats d&#8217;estudi.&nbsp;<\/p>\n<p style=\"text-align: justify\">Des de les Biblioteques UMH us animem a aprofitar tots els recursos disponibles i us desitgem molt \u00e8xit en els ex\u00e0mens.<\/p>\n<table class=\"tipo4\" style=\"margin-left: auto;margin-right: auto;width: 100%;border: hidden\" summary=\"piv\">\n<tbody>\n<tr>\n<td><img loading=\"lazy\" class=\"alignnone size-medium wp-image-5327\" src=\"https:\/\/biblioteca.umh.es\/files\/2020\/10\/Logo-bca.-nuevo-300x153.jpg\" alt=\"\" width=\"300\" height=\"153\" srcset=\"https:\/\/biblioteca.umh.es\/files\/2020\/10\/Logo-bca.-nuevo-300x153.jpg 300w, https:\/\/biblioteca.umh.es\/files\/2020\/10\/Logo-bca.-nuevo.jpg 367w\" sizes=\"(max-width: 300px) 100vw, 300px\" \/><\/td>\n<td><img loading=\"lazy\" class=\"alignnone size-medium wp-image-15778\" src=\"https:\/\/biblioteca.umh.es\/files\/2025\/01\/20240111_171821-300x225.jpg\" alt=\"\" width=\"300\" height=\"225\" srcset=\"https:\/\/biblioteca.umh.es\/files\/2025\/01\/20240111_171821-300x225.jpg 300w, https:\/\/biblioteca.umh.es\/files\/2025\/01\/20240111_171821-1024x768.jpg 1024w, https:\/\/biblioteca.umh.es\/files\/2025\/01\/20240111_171821-768x576.jpg 768w, https:\/\/biblioteca.umh.es\/files\/2025\/01\/20240111_171821-1536x1152.jpg 1536w, https:\/\/biblioteca.umh.es\/files\/2025\/01\/20240111_171821-2048x1536.jpg 2048w\" sizes=\"(max-width: 300px) 100vw, 300px\" \/><\/td>\n<td><img loading=\"lazy\" class=\"alignnone size-medium wp-image-15781\" src=\"https:\/\/biblioteca.umh.es\/files\/2025\/01\/20240111_171839-300x225.jpg\" alt=\"\" width=\"300\" height=\"225\" srcset=\"https:\/\/biblioteca.umh.es\/files\/2025\/01\/20240111_171839-300x225.jpg 300w, https:\/\/biblioteca.umh.es\/files\/2025\/01\/20240111_171839-1024x768.jpg 1024w, https:\/\/biblioteca.umh.es\/files\/2025\/01\/20240111_171839-768x576.jpg 768w, https:\/\/biblioteca.umh.es\/files\/2025\/01\/20240111_171839-1536x1152.jpg 1536w, https:\/\/biblioteca.umh.es\/files\/2025\/01\/20240111_171839-2048x1536.jpg 2048w\" sizes=\"(max-width: 300px) 100vw, 300px\" \/><\/td>\n<\/tr>\n<\/tbody>\n<\/table>\n<p style=\"text-align: justify\">&nbsp;<\/p>\n<p><\/p>","protected":false},"excerpt":{"rendered":"<p>Hui, 7 de gener, les Biblioteques UMH&nbsp;reobrin les seues portes despr\u00e9s del per\u00edode vacacional. Amb esta reobertura, dona principi tamb\u00e9 el per\u00edode d&#8217;ex\u00e0mens i les biblioteques tornen a convertir-se en el principal punt d&#8217;aflu\u00e8ncia de la comunitat Universit\u00e0ria.<br \/>\nA m\u00e9s, per a complementar l&#8217;horari habitual de les biblioteques i facilitar l&#8217;estudi durant estes setmanes intensives, la [&#8230;]<\/p>\n","protected":false},"author":6155,"featured_media":0,"comment_status":"closed","ping_status":"open","sticky":false,"template":"","format":"standard","meta":{"ngg_post_thumbnail":0,"_links_to":"","_links_to_target":""},"categories":[1],"tags":[],"_links":{"self":[{"href":"https:\/\/biblioteca.umh.es\/ca\/wp-json\/wp\/v2\/posts\/17152"}],"collection":[{"href":"https:\/\/biblioteca.umh.es\/ca\/wp-json\/wp\/v2\/posts"}],"about":[{"href":"https:\/\/biblioteca.umh.es\/ca\/wp-json\/wp\/v2\/types\/post"}],"author":[{"embeddable":true,"href":"https:\/\/biblioteca.umh.es\/ca\/wp-json\/wp\/v2\/users\/6155"}],"replies":[{"embeddable":true,"href":"https:\/\/biblioteca.umh.es\/ca\/wp-json\/wp\/v2\/comments?post=17152"}],"version-history":[{"count":0,"href":"https:\/\/biblioteca.umh.es\/ca\/wp-json\/wp\/v2\/posts\/17152\/revisions"}],"wp:attachment":[{"href":"https:\/\/biblioteca.umh.es\/ca\/wp-json\/wp\/v2\/media?parent=17152"}],"wp:term":[{"taxonomy":"category","embeddable":true,"href":"https:\/\/biblioteca.umh.es\/ca\/wp-json\/wp\/v2\/categories?post=17152"},{"taxonomy":"post_tag","embeddable":true,"href":"https:\/\/biblioteca.umh.es\/ca\/wp-json\/wp\/v2\/tags?post=17152"}],"curies":[{"name":"wp","href":"https:\/\/api.w.org\/{rel}","templated":true}]}}