{"id":17108,"date":"2025-12-18T15:26:56","date_gmt":"2025-12-18T14:26:56","guid":{"rendered":"https:\/\/biblioteca.umh.es\/?p=17108"},"modified":"2025-12-19T20:19:29","modified_gmt":"2025-12-19T19:19:29","slug":"23-de-diciembre-cierre-de-las-bibliotecas-umh-a-las-1500-horas","status":"publish","type":"post","link":"https:\/\/biblioteca.umh.es\/ca\/2025\/12\/18\/23-de-diciembre-cierre-de-las-bibliotecas-umh-a-las-1500-horas\/","title":{"rendered":"23 de Desembre, tancament de les Biblioteques UMH a les 15:00 hores."},"content":{"rendered":"<p><\/p>\n<p style=\"text-align: justify\">Estimada comunitat universit\u00e0ria, us informem que les Biblioteques <strong>UMH d&#8217;Orihuela <\/strong>obriran el dilluns <strong>22 de desembre <\/strong>\u00fanicament en horari de mat\u00ed, de<strong> 8.30 a 15.00 hores<\/strong>.<\/p>\n<p style=\"text-align: justify\">Aix\u00ed mateix, el pr\u00f2xim dimarts <strong>23 de desembre, totes les Biblioteques UMH<\/strong> obriran en horari de mat\u00ed, fins a les <strong>15.00 hores<\/strong> i romandran tancades fins al <strong>6 de gener<\/strong>.<\/p>\n<p style=\"text-align: justify\">El dia <strong>7&nbsp;de Gener<\/strong> <strong>tornem<\/strong> en el nostre horari habitual.&nbsp; Podeu consultar en este document les <a href=\"https:\/\/biblioteca.umh.es\/files\/2025\/12\/NAVIDAD-CIERRE-EDIFICIOS-2025-2026.pdf\" target=\"_blank\" rel=\"noopener\">aules d&#8217;estudi<\/a> que romandran obertes durant les vacances de Nadal.<\/p>\n<p style=\"text-align: justify\"><strong>Les Biblioteques UMH us desitgen Bon Nadal!<br \/>\n<\/strong><\/p>\n<p><img loading=\"lazy\" class=\"size-medium wp-image-15419 alignleft\" src=\"https:\/\/biblioteca.umh.es\/files\/2024\/10\/Copia-de-Diseno-sin-titulo-300x175.png\" alt=\"\" width=\"300\" height=\"175\" srcset=\"https:\/\/biblioteca.umh.es\/files\/2024\/10\/Copia-de-Diseno-sin-titulo-300x175.png 300w, https:\/\/biblioteca.umh.es\/files\/2024\/10\/Copia-de-Diseno-sin-titulo-1024x597.png 1024w, https:\/\/biblioteca.umh.es\/files\/2024\/10\/Copia-de-Diseno-sin-titulo-768x448.png 768w, https:\/\/biblioteca.umh.es\/files\/2024\/10\/Copia-de-Diseno-sin-titulo-1536x896.png 1536w, https:\/\/biblioteca.umh.es\/files\/2024\/10\/Copia-de-Diseno-sin-titulo-2048x1195.png 2048w\" sizes=\"(max-width: 300px) 100vw, 300px\" \/><\/p>","protected":false},"excerpt":{"rendered":"<p>Estimada comunitat universit\u00e0ria, us informem que les Biblioteques UMH d&#8217;Orihuela obriran el dilluns 22 de desembre \u00fanicament en horari de mat\u00ed, de 8.30 a 15.00 hores.<br \/>\nAix\u00ed mateix, el pr\u00f2xim dimarts 23 de desembre, totes les Biblioteques UMH obriran en horari de mat\u00ed, fins a les 15.00 hores i romandran tancades fins al 6 de gener.<br \/>\nEl [&#8230;]<\/p>\n","protected":false},"author":6155,"featured_media":0,"comment_status":"closed","ping_status":"open","sticky":false,"template":"","format":"standard","meta":{"ngg_post_thumbnail":0,"_links_to":"","_links_to_target":""},"categories":[1],"tags":[],"_links":{"self":[{"href":"https:\/\/biblioteca.umh.es\/ca\/wp-json\/wp\/v2\/posts\/17108"}],"collection":[{"href":"https:\/\/biblioteca.umh.es\/ca\/wp-json\/wp\/v2\/posts"}],"about":[{"href":"https:\/\/biblioteca.umh.es\/ca\/wp-json\/wp\/v2\/types\/post"}],"author":[{"embeddable":true,"href":"https:\/\/biblioteca.umh.es\/ca\/wp-json\/wp\/v2\/users\/6155"}],"replies":[{"embeddable":true,"href":"https:\/\/biblioteca.umh.es\/ca\/wp-json\/wp\/v2\/comments?post=17108"}],"version-history":[{"count":0,"href":"https:\/\/biblioteca.umh.es\/ca\/wp-json\/wp\/v2\/posts\/17108\/revisions"}],"wp:attachment":[{"href":"https:\/\/biblioteca.umh.es\/ca\/wp-json\/wp\/v2\/media?parent=17108"}],"wp:term":[{"taxonomy":"category","embeddable":true,"href":"https:\/\/biblioteca.umh.es\/ca\/wp-json\/wp\/v2\/categories?post=17108"},{"taxonomy":"post_tag","embeddable":true,"href":"https:\/\/biblioteca.umh.es\/ca\/wp-json\/wp\/v2\/tags?post=17108"}],"curies":[{"name":"wp","href":"https:\/\/api.w.org\/{rel}","templated":true}]}}