{"id":17054,"date":"2025-12-17T20:27:21","date_gmt":"2025-12-17T19:27:21","guid":{"rendered":"https:\/\/biblioteca.umh.es\/?p=17054"},"modified":"2025-12-17T20:27:21","modified_gmt":"2025-12-17T19:27:21","slug":"novedades-navidad-2025-biblioteca-umh","status":"publish","type":"post","link":"https:\/\/biblioteca.umh.es\/ca\/2025\/12\/17\/novedades-navidad-2025-biblioteca-umh\/","title":{"rendered":"Novetats Nadal 2025 Biblioteca UMH"},"content":{"rendered":"<p><\/p>\n<p style=\"text-align: justify\" data-start=\"93\" data-end=\"351\"><a href=\"https:\/\/biblioteca.umh.es\/files\/2025\/12\/Foto-Novedades-2025-scaled.jpg\"><img loading=\"lazy\" class=\"size-medium wp-image-17114 alignleft\" src=\"https:\/\/biblioteca.umh.es\/files\/2025\/12\/Foto-Novedades-2025-300x225.jpg\" alt=\"\" width=\"300\" height=\"225\" srcset=\"https:\/\/biblioteca.umh.es\/files\/2025\/12\/Foto-Novedades-2025-300x225.jpg 300w, https:\/\/biblioteca.umh.es\/files\/2025\/12\/Foto-Novedades-2025-1024x768.jpg 1024w, https:\/\/biblioteca.umh.es\/files\/2025\/12\/Foto-Novedades-2025-768x576.jpg 768w, https:\/\/biblioteca.umh.es\/files\/2025\/12\/Foto-Novedades-2025-1536x1152.jpg 1536w, https:\/\/biblioteca.umh.es\/files\/2025\/12\/Foto-Novedades-2025-2048x1536.jpg 2048w\" sizes=\"(max-width: 300px) 100vw, 300px\" \/><\/a>Ja estan disponibles a la <strong>Biblioteca UMH<\/strong> del campus d&#8217;Elx les \u00faltimes novetats en castell\u00e0, valenci\u00e0 i angl\u00e9s. Una selecci\u00f3 renovada de llibres que reunix t\u00edtols destacats de narrativa i assaig, pensats per a tots els gustos i lectors.<\/p>\n<p>Tota la comunitat universit\u00e0ria t\u00e9 acc\u00e9s al pr\u00e9stec d&#8217;esta&nbsp;selecci\u00f3 de llibres, recordem a m\u00e9s que seguix actiu el <strong>pr\u00e9stec especial de Nadal<\/strong>, amb data de devoluci\u00f3 <strong>7 de gener<\/strong>.<\/p>\n<p>Des de les Biblioteques UMH us desitgem unes <strong>Bones festes<\/strong> i <strong>felices lectures<\/strong>.\u200b<\/p>\n<table class=\"tipo4\" style=\"margin-left: auto;margin-right: auto;width: 100%;border: hidden\" summary=\"piv\">\n<tbody>\n<tr>\n<td><a href=\"https:\/\/dama.umh.es\/discovery\/fulldisplay?docid=alma991001512553606331&amp;context=L&amp;vid=34CVA_UMH:VU1&amp;lang=es&amp;search_scope=MyInst_and_CI&amp;adaptor=Local%20Search%20Engine&amp;tab=Everything&amp;query=any,contains,la%20chica%20del%20lago%20mikel%20santiago&amp;offset=0\" target=\"_blank\" rel=\"noopener\"><img loading=\"lazy\" class=\"size-medium wp-image-17084 aligncenter\" src=\"https:\/\/biblioteca.umh.es\/files\/2025\/12\/81prBTYpgpL-198x300.jpg\" alt=\"\" width=\"198\" height=\"300\" srcset=\"https:\/\/biblioteca.umh.es\/files\/2025\/12\/81prBTYpgpL-198x300.jpg 198w, https:\/\/biblioteca.umh.es\/files\/2025\/12\/81prBTYpgpL-674x1024.jpg 674w, https:\/\/biblioteca.umh.es\/files\/2025\/12\/81prBTYpgpL-768x1166.jpg 768w, https:\/\/biblioteca.umh.es\/files\/2025\/12\/81prBTYpgpL-1012x1536.jpg 1012w, https:\/\/biblioteca.umh.es\/files\/2025\/12\/81prBTYpgpL-1349x2048.jpg 1349w, https:\/\/biblioteca.umh.es\/files\/2025\/12\/81prBTYpgpL.jpg 1686w\" sizes=\"(max-width: 198px) 100vw, 198px\" \/><\/a><\/td>\n<td><a href=\"https:\/\/dama.umh.es\/discovery\/fulldisplay?docid=alma991001512655206331&amp;context=L&amp;vid=34CVA_UMH:VU1&amp;lang=es&amp;search_scope=MyInst_and_CI&amp;adaptor=Local%20Search%20Engine&amp;tab=Everything&amp;query=any,contains,dan%20brown%20ultimo%20secreto&amp;offset=0\" target=\"_blank\" rel=\"noopener\"><img loading=\"lazy\" class=\"size-medium wp-image-17075 aligncenter\" src=\"https:\/\/biblioteca.umh.es\/files\/2025\/12\/61XYEymwbGL._AC_UF10001000_QL80_-197x300.jpg\" alt=\"\" width=\"197\" height=\"300\" srcset=\"https:\/\/biblioteca.umh.es\/files\/2025\/12\/61XYEymwbGL._AC_UF10001000_QL80_-197x300.jpg 197w, https:\/\/biblioteca.umh.es\/files\/2025\/12\/61XYEymwbGL._AC_UF10001000_QL80_.jpg 658w\" sizes=\"(max-width: 197px) 100vw, 197px\" \/><\/a><\/td>\n<td><a href=\"https:\/\/dama.umh.es\/discovery\/fulldisplay?docid=alma991001512554406331&amp;context=L&amp;vid=34CVA_UMH:VU1&amp;lang=es&amp;search_scope=MyInst_and_CI&amp;adaptor=Local%20Search%20Engine&amp;tab=Everything&amp;query=any,contains,esta%20lloviendo%20y%20te%20quiero%20antonio%20mercero&amp;offset=0\" target=\"_blank\" rel=\"noopener\"><img loading=\"lazy\" class=\"size-medium wp-image-17069 aligncenter\" src=\"https:\/\/biblioteca.umh.es\/files\/2025\/12\/61-HVQJy8L-197x300.jpg\" alt=\"\" width=\"197\" height=\"300\" srcset=\"https:\/\/biblioteca.umh.es\/files\/2025\/12\/61-HVQJy8L-197x300.jpg 197w, https:\/\/biblioteca.umh.es\/files\/2025\/12\/61-HVQJy8L.jpg 657w\" sizes=\"(max-width: 197px) 100vw, 197px\" \/><\/a><\/td>\n<td><a href=\"https:\/\/dama.umh.es\/discovery\/fulldisplay?docid=alma991001512553706331&amp;context=L&amp;vid=34CVA_UMH:VU1&amp;lang=es&amp;search_scope=MyInst_and_CI&amp;adaptor=Local%20Search%20Engine&amp;tab=Everything&amp;query=any,contains,las%20hijas%20perdidas%20joy&amp;offset=0\" target=\"_blank\" rel=\"noopener\"><img loading=\"lazy\" class=\"size-medium wp-image-17078 aligncenter\" src=\"https:\/\/biblioteca.umh.es\/files\/2025\/12\/71NS0ABb7xL-187x300.jpg\" alt=\"\" width=\"187\" height=\"300\" srcset=\"https:\/\/biblioteca.umh.es\/files\/2025\/12\/71NS0ABb7xL-187x300.jpg 187w, https:\/\/biblioteca.umh.es\/files\/2025\/12\/71NS0ABb7xL-639x1024.jpg 639w, https:\/\/biblioteca.umh.es\/files\/2025\/12\/71NS0ABb7xL-768x1230.jpg 768w, https:\/\/biblioteca.umh.es\/files\/2025\/12\/71NS0ABb7xL-959x1536.jpg 959w, https:\/\/biblioteca.umh.es\/files\/2025\/12\/71NS0ABb7xL-1278x2048.jpg 1278w, https:\/\/biblioteca.umh.es\/files\/2025\/12\/71NS0ABb7xL.jpg 1598w\" sizes=\"(max-width: 187px) 100vw, 187px\" \/><\/a><\/td>\n<\/tr>\n<\/tbody>\n<\/table>\n<table class=\"tipo4\" style=\"margin-left: auto;margin-right: auto;width: 100%;border: hidden\" summary=\"piv\">\n<tbody>\n<tr>\n<td><a href=\"https:\/\/dama.umh.es\/discovery\/fulldisplay?docid=alma991001512855206331&amp;context=L&amp;vid=34CVA_UMH:VU1&amp;lang=es&amp;search_scope=MyInst_and_CI&amp;adaptor=Local%20Search%20Engine&amp;tab=Everything&amp;query=any,contains,elisabet%20benavent%20fuimos%20canciones&amp;offset=0\" target=\"_blank\" rel=\"noopener\"><img loading=\"lazy\" class=\"size-medium wp-image-17057 aligncenter\" src=\"https:\/\/biblioteca.umh.es\/files\/2025\/12\/71NCWRNyj9S-198x300.jpg\" alt=\"\" width=\"198\" height=\"300\" srcset=\"https:\/\/biblioteca.umh.es\/files\/2025\/12\/71NCWRNyj9S-198x300.jpg 198w, https:\/\/biblioteca.umh.es\/files\/2025\/12\/71NCWRNyj9S-674x1024.jpg 674w, https:\/\/biblioteca.umh.es\/files\/2025\/12\/71NCWRNyj9S-768x1166.jpg 768w, https:\/\/biblioteca.umh.es\/files\/2025\/12\/71NCWRNyj9S-1012x1536.jpg 1012w, https:\/\/biblioteca.umh.es\/files\/2025\/12\/71NCWRNyj9S-1349x2048.jpg 1349w, https:\/\/biblioteca.umh.es\/files\/2025\/12\/71NCWRNyj9S.jpg 1686w\" sizes=\"(max-width: 198px) 100vw, 198px\" \/><\/a><\/td>\n<td><a href=\"https:\/\/dama.umh.es\/discovery\/fulldisplay?docid=alma991001512853806331&amp;context=L&amp;vid=34CVA_UMH:VU1&amp;lang=es&amp;search_scope=MyInst_and_CI&amp;adaptor=Local%20Search%20Engine&amp;tab=Everything&amp;query=any,contains,claudia%20serra%20un%20estiu&amp;offset=0\" target=\"_blank\" rel=\"noopener\"><img loading=\"lazy\" class=\"size-medium wp-image-17099 aligncenter\" src=\"https:\/\/biblioteca.umh.es\/files\/2025\/12\/LL21_Un-estiu-195x300.jpg\" alt=\"\" width=\"195\" height=\"300\" srcset=\"https:\/\/biblioteca.umh.es\/files\/2025\/12\/LL21_Un-estiu-195x300.jpg 195w, https:\/\/biblioteca.umh.es\/files\/2025\/12\/LL21_Un-estiu-665x1024.jpg 665w, https:\/\/biblioteca.umh.es\/files\/2025\/12\/LL21_Un-estiu-768x1182.jpg 768w, https:\/\/biblioteca.umh.es\/files\/2025\/12\/LL21_Un-estiu-998x1536.jpg 998w, https:\/\/biblioteca.umh.es\/files\/2025\/12\/LL21_Un-estiu-1331x2048.jpg 1331w, https:\/\/biblioteca.umh.es\/files\/2025\/12\/LL21_Un-estiu.jpg 1535w\" sizes=\"(max-width: 195px) 100vw, 195px\" \/><\/a><\/td>\n<td><a href=\"https:\/\/dama.umh.es\/discovery\/fulldisplay?docid=alma991001512853506331&amp;context=U&amp;vid=34CVA_UMH:VU1&amp;lang=es\" target=\"_blank\" rel=\"noopener\"><img loading=\"lazy\" class=\"size-medium wp-image-17102 aligncenter\" src=\"https:\/\/biblioteca.umh.es\/files\/2025\/12\/514IFt99EL._SY425_-200x300.jpg\" alt=\"\" width=\"200\" height=\"300\" srcset=\"https:\/\/biblioteca.umh.es\/files\/2025\/12\/514IFt99EL._SY425_-200x300.jpg 200w, https:\/\/biblioteca.umh.es\/files\/2025\/12\/514IFt99EL._SY425_.jpg 283w\" sizes=\"(max-width: 200px) 100vw, 200px\" \/><\/a><\/td>\n<td><a href=\"https:\/\/dama.umh.es\/discovery\/search?query=any,contains,un%20vei%20ben%20estrany%20joan%20esculies&amp;tab=Everything&amp;search_scope=MyInst_and_CI&amp;vid=34CVA_UMH:VU1\" target=\"_blank\" rel=\"noopener\"><img loading=\"lazy\" class=\"size-medium wp-image-17105 aligncenter\" src=\"https:\/\/biblioteca.umh.es\/files\/2025\/12\/FM254_Un_vei_ben_estrany_JoanEsculies-200x300.jpg\" alt=\"\" width=\"200\" height=\"300\" srcset=\"https:\/\/biblioteca.umh.es\/files\/2025\/12\/FM254_Un_vei_ben_estrany_JoanEsculies-200x300.jpg 200w, https:\/\/biblioteca.umh.es\/files\/2025\/12\/FM254_Un_vei_ben_estrany_JoanEsculies-683x1024.jpg 683w, https:\/\/biblioteca.umh.es\/files\/2025\/12\/FM254_Un_vei_ben_estrany_JoanEsculies-768x1152.jpg 768w, https:\/\/biblioteca.umh.es\/files\/2025\/12\/FM254_Un_vei_ben_estrany_JoanEsculies-1024x1536.jpg 1024w, https:\/\/biblioteca.umh.es\/files\/2025\/12\/FM254_Un_vei_ben_estrany_JoanEsculies-1365x2048.jpg 1365w, https:\/\/biblioteca.umh.es\/files\/2025\/12\/FM254_Un_vei_ben_estrany_JoanEsculies.jpg 1652w\" sizes=\"(max-width: 200px) 100vw, 200px\" \/><\/a><\/td>\n<\/tr>\n<\/tbody>\n<\/table>\n<table class=\"tipo4\" style=\"margin-left: auto;margin-right: auto;width: 100%;border: hidden\" summary=\"piv\">\n<tbody>\n<tr>\n<td><a href=\"https:\/\/dama.umh.es\/discovery\/fulldisplay?docid=alma991001512853906331&amp;context=L&amp;vid=34CVA_UMH:VU1&amp;lang=es&amp;search_scope=MyInst_and_CI&amp;adaptor=Local%20Search%20Engine&amp;tab=Everything&amp;query=any,contains,of%20the%20flesh%2018%20storie&amp;offset=0\" target=\"_blank\" rel=\"noopener\"><img loading=\"lazy\" class=\"size-medium wp-image-17087 aligncenter\" src=\"https:\/\/biblioteca.umh.es\/files\/2025\/12\/81VGkdFRceL._AC_UF10001000_QL80_-195x300.jpg\" alt=\"\" width=\"195\" height=\"300\" srcset=\"https:\/\/biblioteca.umh.es\/files\/2025\/12\/81VGkdFRceL._AC_UF10001000_QL80_-195x300.jpg 195w, https:\/\/biblioteca.umh.es\/files\/2025\/12\/81VGkdFRceL._AC_UF10001000_QL80_.jpg 650w\" sizes=\"(max-width: 195px) 100vw, 195px\" \/><\/a><\/td>\n<td><a href=\"https:\/\/dama.umh.es\/discovery\/fulldisplay?docid=alma991001512854006331&amp;context=L&amp;vid=34CVA_UMH:VU1&amp;lang=es&amp;search_scope=MyInst_and_CI&amp;adaptor=Local%20Search%20Engine&amp;tab=Everything&amp;query=any,contains,john%20grisham%20the%20widow&amp;offset=0\" target=\"_blank\" rel=\"noopener\"><img loading=\"lazy\" class=\"size-medium wp-image-17090 aligncenter\" src=\"https:\/\/biblioteca.umh.es\/files\/2025\/12\/814d6Cx9KCL._UF10001000_QL80_-195x300.jpg\" alt=\"\" width=\"195\" height=\"300\" srcset=\"https:\/\/biblioteca.umh.es\/files\/2025\/12\/814d6Cx9KCL._UF10001000_QL80_-195x300.jpg 195w, https:\/\/biblioteca.umh.es\/files\/2025\/12\/814d6Cx9KCL._UF10001000_QL80_.jpg 649w\" sizes=\"(max-width: 195px) 100vw, 195px\" \/><\/a><\/td>\n<td><a href=\"https:\/\/dama.umh.es\/discovery\/fulldisplay?docid=alma991001512854606331&amp;context=L&amp;vid=34CVA_UMH:VU1&amp;lang=es&amp;search_scope=MyInst_and_CI&amp;adaptor=Local%20Search%20Engine&amp;tab=Everything&amp;query=any,contains,paul%20mccartney%20wings&amp;offset=0\" target=\"_blank\" rel=\"noopener\"><img loading=\"lazy\" class=\"size-medium wp-image-17093 aligncenter\" src=\"https:\/\/biblioteca.umh.es\/files\/2025\/12\/81SpFCUpClL._AC_UF10001000_QL80_-195x300.jpg\" alt=\"\" width=\"195\" height=\"300\" srcset=\"https:\/\/biblioteca.umh.es\/files\/2025\/12\/81SpFCUpClL._AC_UF10001000_QL80_-195x300.jpg 195w, https:\/\/biblioteca.umh.es\/files\/2025\/12\/81SpFCUpClL._AC_UF10001000_QL80_.jpg 650w\" sizes=\"(max-width: 195px) 100vw, 195px\" \/><\/a><\/td>\n<td><a href=\"https:\/\/dama.umh.es\/discovery\/fulldisplay?docid=alma991001512854306331&amp;context=L&amp;vid=34CVA_UMH:VU1&amp;lang=es&amp;search_scope=MyInst_and_CI&amp;adaptor=Local%20Search%20Engine&amp;tab=Everything&amp;query=any,contains,stone%20yard%20devotional&amp;offset=0\" target=\"_blank\" rel=\"noopener\"><img loading=\"lazy\" class=\"size-medium wp-image-17096 aligncenter\" src=\"https:\/\/biblioteca.umh.es\/files\/2025\/12\/81eBz4DtAIL._AC_UF10001000_QL80_-195x300.jpg\" alt=\"\" width=\"195\" height=\"300\" srcset=\"https:\/\/biblioteca.umh.es\/files\/2025\/12\/81eBz4DtAIL._AC_UF10001000_QL80_-195x300.jpg 195w, https:\/\/biblioteca.umh.es\/files\/2025\/12\/81eBz4DtAIL._AC_UF10001000_QL80_.jpg 651w\" sizes=\"(max-width: 195px) 100vw, 195px\" \/><\/a><\/td>\n<\/tr>\n<\/tbody>\n<\/table>\n<table class=\"tipo4\" style=\"margin-left: auto;margin-right: auto;width: 100%;border: hidden\" summary=\"piv\">\n<tbody>\n<tr>\n<td><a href=\"https:\/\/dama.umh.es\/discovery\/fulldisplay?docid=alma991001512554206331&amp;context=U&amp;vid=34CVA_UMH:VU1&amp;lang=es\" target=\"_blank\" rel=\"noopener\"><img loading=\"lazy\" class=\"size-medium wp-image-17081 aligncenter\" src=\"https:\/\/biblioteca.umh.es\/files\/2025\/12\/978843224875-176x300.gif\" alt=\"\" width=\"176\" height=\"300\"><\/a><\/td>\n<td><a href=\"https:\/\/dama.umh.es\/discovery\/fulldisplay?docid=alma991001512555206331&amp;context=U&amp;vid=34CVA_UMH:VU1&amp;lang=es\" target=\"_blank\" rel=\"noopener\"><img loading=\"lazy\" class=\"size-medium wp-image-17066 aligncenter\" src=\"https:\/\/biblioteca.umh.es\/files\/2025\/12\/81Q1apff3zL._UF10001000_QL80_-200x300.jpg\" alt=\"\" width=\"200\" height=\"300\" srcset=\"https:\/\/biblioteca.umh.es\/files\/2025\/12\/81Q1apff3zL._UF10001000_QL80_-200x300.jpg 200w, https:\/\/biblioteca.umh.es\/files\/2025\/12\/81Q1apff3zL._UF10001000_QL80_.jpg 668w\" sizes=\"(max-width: 200px) 100vw, 200px\" \/><\/a><\/td>\n<td><a href=\"https:\/\/dama.umh.es\/discovery\/fulldisplay?docid=alma991001512552306331&amp;context=U&amp;vid=34CVA_UMH:VU1&amp;lang=es\" target=\"_blank\" rel=\"noopener\"><img loading=\"lazy\" class=\"size-medium wp-image-17063 aligncenter\" src=\"https:\/\/biblioteca.umh.es\/files\/2025\/12\/81RYGBaQC2L._UF10001000_QL80_-191x300.jpg\" alt=\"\" width=\"191\" height=\"300\" srcset=\"https:\/\/biblioteca.umh.es\/files\/2025\/12\/81RYGBaQC2L._UF10001000_QL80_-191x300.jpg 191w, https:\/\/biblioteca.umh.es\/files\/2025\/12\/81RYGBaQC2L._UF10001000_QL80_.jpg 635w\" sizes=\"(max-width: 191px) 100vw, 191px\" \/><\/a><\/td>\n<td><a href=\"https:\/\/dama.umh.es\/discovery\/fulldisplay?docid=alma991001512855506331&amp;context=U&amp;vid=34CVA_UMH:VU1&amp;lang=es\" target=\"_blank\" rel=\"noopener\"><img loading=\"lazy\" class=\"size-medium wp-image-17072 aligncenter\" src=\"https:\/\/biblioteca.umh.es\/files\/2025\/12\/61zECEKnsSL-191x300.jpg\" alt=\"\" width=\"191\" height=\"300\" srcset=\"https:\/\/biblioteca.umh.es\/files\/2025\/12\/61zECEKnsSL-191x300.jpg 191w, https:\/\/biblioteca.umh.es\/files\/2025\/12\/61zECEKnsSL-651x1024.jpg 651w, https:\/\/biblioteca.umh.es\/files\/2025\/12\/61zECEKnsSL.jpg 668w\" sizes=\"(max-width: 191px) 100vw, 191px\" \/><\/a><\/td>\n<\/tr>\n<\/tbody>\n<\/table>\n<p><img loading=\"lazy\" class=\"size-medium wp-image-15419 aligncenter\" src=\"https:\/\/biblioteca.umh.es\/files\/2024\/10\/Copia-de-Diseno-sin-titulo-300x175.png\" alt=\"\" width=\"300\" height=\"175\" srcset=\"https:\/\/biblioteca.umh.es\/files\/2024\/10\/Copia-de-Diseno-sin-titulo-300x175.png 300w, https:\/\/biblioteca.umh.es\/files\/2024\/10\/Copia-de-Diseno-sin-titulo-1024x597.png 1024w, https:\/\/biblioteca.umh.es\/files\/2024\/10\/Copia-de-Diseno-sin-titulo-768x448.png 768w, https:\/\/biblioteca.umh.es\/files\/2024\/10\/Copia-de-Diseno-sin-titulo-1536x896.png 1536w, https:\/\/biblioteca.umh.es\/files\/2024\/10\/Copia-de-Diseno-sin-titulo-2048x1195.png 2048w\" sizes=\"(max-width: 300px) 100vw, 300px\" \/><\/p>","protected":false},"excerpt":{"rendered":"<p>Ja estan disponibles a la Biblioteca UMH del campus d&#8217;Elx les \u00faltimes novetats en castell\u00e0, valenci\u00e0 i angl\u00e9s. Una selecci\u00f3 renovada de llibres que reunix t\u00edtols destacats de narrativa i assaig, pensats per a tots els gustos i lectors.<br \/>\nTota la comunitat universit\u00e0ria t\u00e9 acc\u00e9s al pr\u00e9stec d&#8217;esta&nbsp;selecci\u00f3 de llibres, recordem a m\u00e9s que seguix actiu [&#8230;]<\/p>\n","protected":false},"author":6155,"featured_media":0,"comment_status":"closed","ping_status":"open","sticky":false,"template":"","format":"standard","meta":{"ngg_post_thumbnail":0,"_links_to":"","_links_to_target":""},"categories":[1],"tags":[],"_links":{"self":[{"href":"https:\/\/biblioteca.umh.es\/ca\/wp-json\/wp\/v2\/posts\/17054"}],"collection":[{"href":"https:\/\/biblioteca.umh.es\/ca\/wp-json\/wp\/v2\/posts"}],"about":[{"href":"https:\/\/biblioteca.umh.es\/ca\/wp-json\/wp\/v2\/types\/post"}],"author":[{"embeddable":true,"href":"https:\/\/biblioteca.umh.es\/ca\/wp-json\/wp\/v2\/users\/6155"}],"replies":[{"embeddable":true,"href":"https:\/\/biblioteca.umh.es\/ca\/wp-json\/wp\/v2\/comments?post=17054"}],"version-history":[{"count":0,"href":"https:\/\/biblioteca.umh.es\/ca\/wp-json\/wp\/v2\/posts\/17054\/revisions"}],"wp:attachment":[{"href":"https:\/\/biblioteca.umh.es\/ca\/wp-json\/wp\/v2\/media?parent=17054"}],"wp:term":[{"taxonomy":"category","embeddable":true,"href":"https:\/\/biblioteca.umh.es\/ca\/wp-json\/wp\/v2\/categories?post=17054"},{"taxonomy":"post_tag","embeddable":true,"href":"https:\/\/biblioteca.umh.es\/ca\/wp-json\/wp\/v2\/tags?post=17054"}],"curies":[{"name":"wp","href":"https:\/\/api.w.org\/{rel}","templated":true}]}}