{"id":16937,"date":"2025-11-25T18:07:48","date_gmt":"2025-11-25T17:07:48","guid":{"rendered":"https:\/\/biblioteca.umh.es\/?p=16937"},"modified":"2025-11-25T18:11:22","modified_gmt":"2025-11-25T17:11:22","slug":"club-de-lectura-umh-diciembre-2025","status":"publish","type":"post","link":"https:\/\/biblioteca.umh.es\/ca\/2025\/11\/25\/club-de-lectura-umh-diciembre-2025\/","title":{"rendered":"Club de Lectura UMH Desembre 2025"},"content":{"rendered":"<p><\/p>\n<p style=\"text-align: justify\"><a href=\"https:\/\/biblioteca.umh.es\/files\/2025\/11\/Club-de-Lectura-Diciembre-2025.png\"><img loading=\"lazy\" class=\"size-medium wp-image-16934 alignleft\" src=\"https:\/\/biblioteca.umh.es\/files\/2025\/11\/Club-de-Lectura-Diciembre-2025-300x300.png\" alt=\"\" width=\"300\" height=\"300\" srcset=\"https:\/\/biblioteca.umh.es\/files\/2025\/11\/Club-de-Lectura-Diciembre-2025-300x300.png 300w, https:\/\/biblioteca.umh.es\/files\/2025\/11\/Club-de-Lectura-Diciembre-2025-1024x1024.png 1024w, https:\/\/biblioteca.umh.es\/files\/2025\/11\/Club-de-Lectura-Diciembre-2025-150x150.png 150w, https:\/\/biblioteca.umh.es\/files\/2025\/11\/Club-de-Lectura-Diciembre-2025-768x768.png 768w, https:\/\/biblioteca.umh.es\/files\/2025\/11\/Club-de-Lectura-Diciembre-2025.png 1080w\" sizes=\"(max-width: 300px) 100vw, 300px\" \/><\/a>El&nbsp;<a href=\"https:\/\/biblioteca.umh.es\/ca\/servicios\/club-de-lectura\/\" target=\"_blank\" rel=\"noopener\"><strong>Club de Lectura UMH<\/strong><\/a> continua amb les reunions, l&#8217;\u00faltim dimarts de cada mes, a la <strong>Biblioteca UMH<\/strong> del campus d&#8217;Elx, en l&#8217;Edifici Altabix, alternant novel\u00b7les en valenci\u00e0 i castell\u00e0.&nbsp;<\/p>\n<p style=\"text-align: justify\">Este mes hem seleccionat \u00ab<strong>Negr\u00edn no cremava esgl\u00e9sies<\/strong>\u00bb de J.A. Quesada Coves. Ambientada a Elx al febrer de 1936, la novel\u00b7la retrata un moment d&#8217;alta tensi\u00f3 pol\u00edtica. Molts anys despr\u00e9s, Araceli Candela, escriptora, rep l&#8217;enc\u00e0rrec d&#8217;investigar eixos convulsos successos, bussejant en la seua pr\u00f2pia hist\u00f2ria familiar.<\/p>\n<p style=\"text-align: justify\">Encara no t&#8217;has inscrit al Club de Lectura? Per a aix\u00f2 pots enviar un correu a <a class=\"mail-link\" href=\"mailto:lectura@umh.es\" data-enc-email=\"yrpghen[at]hzu.rf\" data-wpel-link=\"ignore\"><span id=\"eeb-657044-684123\">lectura@umh.es<\/span><\/a>. Uneix-te a la nostra comunitat de lectors i descobrix el plaer de la lectura i el di\u00e0leg, a m\u00e9s pots <a href=\"https:\/\/dama.umh.es\/discovery\/fulldisplay?docid=alma991001502055706331&amp;context=L&amp;vid=34CVA_UMH:VU1&amp;lang=es&amp;search_scope=MyInst_and_CI&amp;adaptor=Local%20Search%20Engine&amp;tab=Everything&amp;query=any,contains,Negr%C3%ADn%20no%20cremava%20esglesies&amp;offset=0\" target=\"_blank\" rel=\"noopener\">reservar el teu exemplar<\/a> en el cat\u00e0leg de la Biblioteca UMH.&nbsp; &nbsp; &nbsp; &nbsp; &nbsp; &nbsp; &nbsp; &nbsp; &nbsp; &nbsp; &nbsp; &nbsp; &nbsp; &nbsp; &nbsp; &nbsp; &nbsp; &nbsp; &nbsp; &nbsp; &nbsp; &nbsp; &nbsp; &nbsp; &nbsp; &nbsp; &nbsp; &nbsp; &nbsp; &nbsp; &nbsp; &nbsp; &nbsp; &nbsp; &nbsp; &nbsp; &nbsp; &nbsp; &nbsp; &nbsp; &nbsp;<img loading=\"lazy\" class=\"size-medium wp-image-8941 alignright\" src=\"https:\/\/biblioteca.umh.es\/files\/2022\/02\/logo-biblioteca-300x153.png\" alt=\"Biblioteca Universitas Miguel Hern\u00e1ndez\" width=\"300\" height=\"153\" srcset=\"https:\/\/biblioteca.umh.es\/files\/2022\/02\/logo-biblioteca-300x153.png 300w, https:\/\/biblioteca.umh.es\/files\/2022\/02\/logo-biblioteca.png 390w\" sizes=\"(max-width: 300px) 100vw, 300px\" \/><\/p>\n<p style=\"text-align: justify\">&nbsp;<\/p>\n<p><\/p>","protected":false},"excerpt":{"rendered":"<p>El&nbsp;Club de Lectura UMH continua amb les reunions, l&#8217;\u00faltim dimarts de cada mes, a la Biblioteca UMH del campus d&#8217;Elx, en l&#8217;Edifici Altabix, alternant novel\u00b7les en valenci\u00e0 i castell\u00e0.&nbsp;<br \/>\nEste mes hem seleccionat \u00abNegr\u00edn no cremava esgl\u00e9sies\u00bb de J.A. Quesada Coves. Ambientada a Elx al febrer de 1936, la novel\u00b7la retrata un moment d&#8217;alta tensi\u00f3 pol\u00edtica. [&#8230;]<\/p>\n","protected":false},"author":6155,"featured_media":0,"comment_status":"closed","ping_status":"open","sticky":false,"template":"","format":"standard","meta":{"ngg_post_thumbnail":0,"_links_to":"","_links_to_target":""},"categories":[3425],"tags":[],"_links":{"self":[{"href":"https:\/\/biblioteca.umh.es\/ca\/wp-json\/wp\/v2\/posts\/16937"}],"collection":[{"href":"https:\/\/biblioteca.umh.es\/ca\/wp-json\/wp\/v2\/posts"}],"about":[{"href":"https:\/\/biblioteca.umh.es\/ca\/wp-json\/wp\/v2\/types\/post"}],"author":[{"embeddable":true,"href":"https:\/\/biblioteca.umh.es\/ca\/wp-json\/wp\/v2\/users\/6155"}],"replies":[{"embeddable":true,"href":"https:\/\/biblioteca.umh.es\/ca\/wp-json\/wp\/v2\/comments?post=16937"}],"version-history":[{"count":0,"href":"https:\/\/biblioteca.umh.es\/ca\/wp-json\/wp\/v2\/posts\/16937\/revisions"}],"wp:attachment":[{"href":"https:\/\/biblioteca.umh.es\/ca\/wp-json\/wp\/v2\/media?parent=16937"}],"wp:term":[{"taxonomy":"category","embeddable":true,"href":"https:\/\/biblioteca.umh.es\/ca\/wp-json\/wp\/v2\/categories?post=16937"},{"taxonomy":"post_tag","embeddable":true,"href":"https:\/\/biblioteca.umh.es\/ca\/wp-json\/wp\/v2\/tags?post=16937"}],"curies":[{"name":"wp","href":"https:\/\/api.w.org\/{rel}","templated":true}]}}