{"id":16919,"date":"2025-11-12T16:16:04","date_gmt":"2025-11-12T15:16:04","guid":{"rendered":"https:\/\/biblioteca.umh.es\/?p=16919"},"modified":"2025-11-12T16:16:29","modified_gmt":"2025-11-12T15:16:29","slug":"formacion-online-scopus-sexenios-aneca-y-el-uso-de-scopus-en-la-evaluacion-26-de-noviembre","status":"publish","type":"post","link":"https:\/\/biblioteca.umh.es\/ca\/2025\/11\/12\/formacion-online-scopus-sexenios-aneca-y-el-uso-de-scopus-en-la-evaluacion-26-de-noviembre\/","title":{"rendered":"Formaci\u00f3 en l\u00ednia Scopus. Sexennis ANECA i l&#8217;\u00fas de Scopus en l&#8217;avaluaci\u00f3. 26 de novembre."},"content":{"rendered":"<p><\/p>\n<p style=\"font-weight: 400;text-align: justify\"><img loading=\"lazy\" class=\"size-medium wp-image-14754 alignleft\" src=\"https:\/\/biblioteca.umh.es\/files\/2024\/02\/FECYT-Scopus-300x200.png\" alt=\"\" width=\"300\" height=\"200\" srcset=\"https:\/\/biblioteca.umh.es\/files\/2024\/02\/FECYT-Scopus-300x200.png 300w, https:\/\/biblioteca.umh.es\/files\/2024\/02\/FECYT-Scopus-1024x683.png 1024w, https:\/\/biblioteca.umh.es\/files\/2024\/02\/FECYT-Scopus-768x512.png 768w, https:\/\/biblioteca.umh.es\/files\/2024\/02\/FECYT-Scopus.png 1500w\" sizes=\"(max-width: 300px) 100vw, 300px\" \/><\/p>\n<p style=\"text-align: justify\">FECYT, juntament amb Elsevier, ha programat una nova j<strong>ornada de formaci\u00f3 en l\u00ednia<\/strong> <strong>gratu\u00efta i en castell\u00e0<\/strong>, el pr\u00f2xim <strong>26 de novembre<\/strong>, de 10.00 a 11.00 hores, emmarcant-la dins de l&#8217;II Cicle de Formaci\u00f3 En l\u00ednia de la base de dades de Scopus.<\/p>\n<p style=\"text-align: justify\">Es tracta d&#8217;una \u00fanica sessi\u00f3 que porta per t\u00edtol &nbsp;<strong>Sexenios ANECA y el uso de Scopus en la evaluaci\u00f3n<\/strong>, on s&#8217;analitzar\u00e0 com organitzar el perfil i obtindre les dades correctes de producci\u00f3 cient\u00edfica d&#8217;acord amb els criteris:<\/p>\n<ul style=\"font-weight: 400;text-align: justify\">\n<li>Quantitat de publicacions<\/li>\n<li>Quantitat de Cites<\/li>\n<li>\u00cdndex-H<\/li>\n<li>Diversitat d&#8217;aportacions (tipus de fonts, d&#8217;acc\u00e9s, de projecci\u00f3 geogr\u00e0fica i multidisciplinarietat)<\/li>\n<li>Impacte de publicacions considerant les m\u00e8triques de les revistes on has publicat<\/li>\n<\/ul>\n<p style=\"font-weight: 400;text-align: justify\">Esta formaci\u00f3 est\u00e0 oberta a tots els estudiants, investigadors i usuaris que formen part de la comunitat universit\u00e0ria. El termini d&#8217;inscripci\u00f3 es troba obert, podeu fer-lo a trav\u00e9s del seg\u00fcent enlla\u00e7: <a href=\"https:\/\/www.recursoscientificos.fecyt.es\/servicios\/formacion\/online\" target=\"_blank\" rel=\"noopener\">Inscripci\u00f3<\/a>. \u00c9s obligatori inscriure&#8217;s amb un <strong>compte de&nbsp;correu institucional<\/strong>.<\/p>\n<p><\/p>","protected":false},"excerpt":{"rendered":"<p>FECYT, juntament amb Elsevier, ha programat una nova jornada de formaci\u00f3 en l\u00ednia gratu\u00efta i en castell\u00e0, el pr\u00f2xim 26 de novembre, de 10.00 a 11.00 hores, emmarcant-la dins de l&#8217;II Cicle de Formaci\u00f3 En l\u00ednia de la base de dades de Scopus.<br \/>\nEs tracta d&#8217;una \u00fanica sessi\u00f3 que porta per t\u00edtol &nbsp;Sexenios ANECA y el [&#8230;]<\/p>\n","protected":false},"author":6155,"featured_media":0,"comment_status":"closed","ping_status":"open","sticky":false,"template":"","format":"standard","meta":{"ngg_post_thumbnail":0,"_links_to":"","_links_to_target":""},"categories":[8667],"tags":[],"_links":{"self":[{"href":"https:\/\/biblioteca.umh.es\/ca\/wp-json\/wp\/v2\/posts\/16919"}],"collection":[{"href":"https:\/\/biblioteca.umh.es\/ca\/wp-json\/wp\/v2\/posts"}],"about":[{"href":"https:\/\/biblioteca.umh.es\/ca\/wp-json\/wp\/v2\/types\/post"}],"author":[{"embeddable":true,"href":"https:\/\/biblioteca.umh.es\/ca\/wp-json\/wp\/v2\/users\/6155"}],"replies":[{"embeddable":true,"href":"https:\/\/biblioteca.umh.es\/ca\/wp-json\/wp\/v2\/comments?post=16919"}],"version-history":[{"count":0,"href":"https:\/\/biblioteca.umh.es\/ca\/wp-json\/wp\/v2\/posts\/16919\/revisions"}],"wp:attachment":[{"href":"https:\/\/biblioteca.umh.es\/ca\/wp-json\/wp\/v2\/media?parent=16919"}],"wp:term":[{"taxonomy":"category","embeddable":true,"href":"https:\/\/biblioteca.umh.es\/ca\/wp-json\/wp\/v2\/categories?post=16919"},{"taxonomy":"post_tag","embeddable":true,"href":"https:\/\/biblioteca.umh.es\/ca\/wp-json\/wp\/v2\/tags?post=16919"}],"curies":[{"name":"wp","href":"https:\/\/api.w.org\/{rel}","templated":true}]}}