{"id":16877,"date":"2025-11-05T15:49:11","date_gmt":"2025-11-05T14:49:11","guid":{"rendered":"https:\/\/biblioteca.umh.es\/?p=16877"},"modified":"2025-11-05T15:50:27","modified_gmt":"2025-11-05T14:50:27","slug":"calendario-de-formacion-elibro-noviembre-2025","status":"publish","type":"post","link":"https:\/\/biblioteca.umh.es\/ca\/2025\/11\/05\/calendario-de-formacion-elibro-noviembre-2025\/","title":{"rendered":"Calendari de formaci\u00f3 eLibro. Novembre 2025"},"content":{"rendered":"<p><\/p>\n<p style=\"text-align: justify\"><a href=\"https:\/\/biblioteca.umh.es\/files\/2025\/11\/formacion_nov2025.jpg\"><img loading=\"lazy\" class=\"size-medium wp-image-16880 alignleft\" src=\"https:\/\/biblioteca.umh.es\/files\/2025\/11\/formacion_nov2025-300x300.jpg\" alt=\"\" width=\"300\" height=\"300\" srcset=\"https:\/\/biblioteca.umh.es\/files\/2025\/11\/formacion_nov2025-300x300.jpg 300w, https:\/\/biblioteca.umh.es\/files\/2025\/11\/formacion_nov2025-1024x1024.jpg 1024w, https:\/\/biblioteca.umh.es\/files\/2025\/11\/formacion_nov2025-150x150.jpg 150w, https:\/\/biblioteca.umh.es\/files\/2025\/11\/formacion_nov2025-768x768.jpg 768w, https:\/\/biblioteca.umh.es\/files\/2025\/11\/formacion_nov2025-1536x1536.jpg 1536w, https:\/\/biblioteca.umh.es\/files\/2025\/11\/formacion_nov2025-2048x2048.jpg 2048w\" sizes=\"(max-width: 300px) 100vw, 300px\" \/><\/a><\/p>\n<p style=\"text-align: justify\">Nou <strong>Calendari de <a href=\"https:\/\/elibro.es\/\" target=\"_blank\" rel=\"noopener\">Formaci\u00f3<\/a> en eLibro<\/strong> per al mes de novembre de 2025. Tots els <strong>dimarts<\/strong> de novembre a les <strong>13:00 hores<\/strong>, amb una duraci\u00f3 de <strong>30 minuts<\/strong>. Inscripci\u00f3 oberta a estudiants, investigadors, professors i bibliotecaris, amb certificat d&#8217;assist\u00e8ncia i enlla\u00e7 a la gravaci\u00f3 per als assistents.<\/p>\n<p style=\"text-align: justify\">L&#8217;objectiu del curs \u00e9s con\u00e9ixer la <strong>Biblioteca Virtual eLibro<\/strong>, crear un compte, buscar, llegir en l\u00ednia, eLi (ferramenta d&#8217;intel\u00b7lig\u00e8ncia artificial), descarregar llibres amb l&#8217;APP, etc.<\/p>\n<p style=\"text-align: justify\"><img loading=\"lazy\" class=\"size-medium wp-image-15419 alignright\" src=\"https:\/\/biblioteca.umh.es\/files\/2024\/10\/Copia-de-Diseno-sin-titulo-300x175.png\" alt=\"\" width=\"300\" height=\"175\" srcset=\"https:\/\/biblioteca.umh.es\/files\/2024\/10\/Copia-de-Diseno-sin-titulo-300x175.png 300w, https:\/\/biblioteca.umh.es\/files\/2024\/10\/Copia-de-Diseno-sin-titulo-1024x597.png 1024w, https:\/\/biblioteca.umh.es\/files\/2024\/10\/Copia-de-Diseno-sin-titulo-768x448.png 768w, https:\/\/biblioteca.umh.es\/files\/2024\/10\/Copia-de-Diseno-sin-titulo-1536x896.png 1536w, https:\/\/biblioteca.umh.es\/files\/2024\/10\/Copia-de-Diseno-sin-titulo-2048x1195.png 2048w\" sizes=\"(max-width: 300px) 100vw, 300px\" \/><\/p>\n<p style=\"text-align: justify\">&nbsp;<\/p>\n<p><\/p>","protected":false},"excerpt":{"rendered":"<p>Nou Calendari de Formaci\u00f3 en eLibro per al mes de novembre de 2025. Tots els dimarts de novembre a les 13:00 hores, amb una duraci\u00f3 de 30 minuts. Inscripci\u00f3 oberta a estudiants, investigadors, professors i bibliotecaris, amb certificat d&#8217;assist\u00e8ncia i enlla\u00e7 a la gravaci\u00f3 per als assistents.<br \/>\nL&#8217;objectiu del curs \u00e9s con\u00e9ixer la Biblioteca Virtual eLibro, [&#8230;]<\/p>\n","protected":false},"author":6155,"featured_media":0,"comment_status":"closed","ping_status":"open","sticky":false,"template":"","format":"standard","meta":{"ngg_post_thumbnail":0,"_links_to":"","_links_to_target":""},"categories":[8667],"tags":[],"_links":{"self":[{"href":"https:\/\/biblioteca.umh.es\/ca\/wp-json\/wp\/v2\/posts\/16877"}],"collection":[{"href":"https:\/\/biblioteca.umh.es\/ca\/wp-json\/wp\/v2\/posts"}],"about":[{"href":"https:\/\/biblioteca.umh.es\/ca\/wp-json\/wp\/v2\/types\/post"}],"author":[{"embeddable":true,"href":"https:\/\/biblioteca.umh.es\/ca\/wp-json\/wp\/v2\/users\/6155"}],"replies":[{"embeddable":true,"href":"https:\/\/biblioteca.umh.es\/ca\/wp-json\/wp\/v2\/comments?post=16877"}],"version-history":[{"count":0,"href":"https:\/\/biblioteca.umh.es\/ca\/wp-json\/wp\/v2\/posts\/16877\/revisions"}],"wp:attachment":[{"href":"https:\/\/biblioteca.umh.es\/ca\/wp-json\/wp\/v2\/media?parent=16877"}],"wp:term":[{"taxonomy":"category","embeddable":true,"href":"https:\/\/biblioteca.umh.es\/ca\/wp-json\/wp\/v2\/categories?post=16877"},{"taxonomy":"post_tag","embeddable":true,"href":"https:\/\/biblioteca.umh.es\/ca\/wp-json\/wp\/v2\/tags?post=16877"}],"curies":[{"name":"wp","href":"https:\/\/api.w.org\/{rel}","templated":true}]}}