{"id":16852,"date":"2025-11-03T18:23:20","date_gmt":"2025-11-03T17:23:20","guid":{"rendered":"https:\/\/biblioteca.umh.es\/?p=16852"},"modified":"2025-11-03T18:23:20","modified_gmt":"2025-11-03T17:23:20","slug":"implementacion-practica-de-los-principios-y-compromisos-de-coara-en-aneca-video-de-la-conferencia","status":"publish","type":"post","link":"https:\/\/biblioteca.umh.es\/ca\/2025\/11\/03\/implementacion-practica-de-los-principios-y-compromisos-de-coara-en-aneca-video-de-la-conferencia\/","title":{"rendered":"Implementaci\u00f3 pr\u00e0ctica dels principis i compromisos de CoARA en ANECA. V\u00eddeo de la confer\u00e8ncia."},"content":{"rendered":"<p><\/p>\n<p style=\"text-align: justify\">En el marc de la Open Access Week 2025, el Grup de Treball de Repositoris de REBIUN va celebrar la confer\u00e8ncia en l\u00ednia \u201c<strong>Implementaci\u00f3n pr\u00e1ctica de los principios y compromisos de CoARA en ANECA<\/strong>\u201d, impartida per Pilar Paneque, directora de l&#8217;Ag\u00e8ncia Nacional d&#8217;Avaluaci\u00f3 de la Qualitat i Acreditaci\u00f3 (ANECA).<\/p>\n<p style=\"text-align: justify\">Durant la sessi\u00f3, Pilar Paneque va explicar com ANECA est\u00e0 aplicant de manera concreta els principis de l&#8217;acord CoARA (Coalition for Advancing Research Assessment), una iniciativa internacional que busca transformar els sistemes d&#8217;avaluaci\u00f3 de la investigaci\u00f3 i la carrera acad\u00e8mica. La confer\u00e8ncia va oferir una visi\u00f3 detallada dels canvis en marxa, el paper de les ag\u00e8ncies d&#8217;avaluaci\u00f3 i els reptes que afronta la comunitat cient\u00edfica davant este nou model m\u00e9s obert i qualitatiu.<\/p>\n<p style=\"text-align: justify\">Si no vas poder assistir en directe o vols tornar a veure-la, ja est\u00e0 <strong>disponible la gravaci\u00f3 completa<\/strong> de la xarrada en el seg\u00fcent enlla\u00e7:<a href=\"https:\/\/urldefense.com\/v3\/__https:\/youtu.be\/mOpVB7FyFWc__;!!D9dNQwwGXtA!WnJ_QWCirpmiEhhoElhMk7GZxVOkJ2_q9EF3_3avHHsh5x2-n31yqO7sIcmt6okzxs1Sja1pHp_PIdSdy5w5$\" target=\"_blank\" rel=\"noopener\"> Veure v\u00eddeo de la confer\u00e8ncia<\/a>.<a href=\"https:\/\/biblioteca.umh.es\/files\/2025\/10\/image.png\"><img loading=\"lazy\" class=\"size-medium wp-image-16769 alignright\" src=\"https:\/\/biblioteca.umh.es\/files\/2025\/10\/image-300x213.png\" alt=\"\" width=\"300\" height=\"213\" srcset=\"https:\/\/biblioteca.umh.es\/files\/2025\/10\/image-300x213.png 300w, https:\/\/biblioteca.umh.es\/files\/2025\/10\/image-1024x727.png 1024w, https:\/\/biblioteca.umh.es\/files\/2025\/10\/image-768x545.png 768w, https:\/\/biblioteca.umh.es\/files\/2025\/10\/image-1536x1090.png 1536w, https:\/\/biblioteca.umh.es\/files\/2025\/10\/image.png 1756w\" sizes=\"(max-width: 300px) 100vw, 300px\" \/><\/a><\/p>\n<p><\/p>","protected":false},"excerpt":{"rendered":"<p>En el marc de la Open Access Week 2025, el Grup de Treball de Repositoris de REBIUN va celebrar la confer\u00e8ncia en l\u00ednia \u201cImplementaci\u00f3n pr\u00e1ctica de los principios y compromisos de CoARA en ANECA\u201d, impartida per Pilar Paneque, directora de l&#8217;Ag\u00e8ncia Nacional d&#8217;Avaluaci\u00f3 de la Qualitat i Acreditaci\u00f3 (ANECA).<br \/>\nDurant la sessi\u00f3, Pilar Paneque va explicar [&#8230;]<\/p>\n","protected":false},"author":6155,"featured_media":0,"comment_status":"closed","ping_status":"open","sticky":false,"template":"","format":"standard","meta":{"ngg_post_thumbnail":0,"_links_to":"","_links_to_target":""},"categories":[1],"tags":[],"_links":{"self":[{"href":"https:\/\/biblioteca.umh.es\/ca\/wp-json\/wp\/v2\/posts\/16852"}],"collection":[{"href":"https:\/\/biblioteca.umh.es\/ca\/wp-json\/wp\/v2\/posts"}],"about":[{"href":"https:\/\/biblioteca.umh.es\/ca\/wp-json\/wp\/v2\/types\/post"}],"author":[{"embeddable":true,"href":"https:\/\/biblioteca.umh.es\/ca\/wp-json\/wp\/v2\/users\/6155"}],"replies":[{"embeddable":true,"href":"https:\/\/biblioteca.umh.es\/ca\/wp-json\/wp\/v2\/comments?post=16852"}],"version-history":[{"count":0,"href":"https:\/\/biblioteca.umh.es\/ca\/wp-json\/wp\/v2\/posts\/16852\/revisions"}],"wp:attachment":[{"href":"https:\/\/biblioteca.umh.es\/ca\/wp-json\/wp\/v2\/media?parent=16852"}],"wp:term":[{"taxonomy":"category","embeddable":true,"href":"https:\/\/biblioteca.umh.es\/ca\/wp-json\/wp\/v2\/categories?post=16852"},{"taxonomy":"post_tag","embeddable":true,"href":"https:\/\/biblioteca.umh.es\/ca\/wp-json\/wp\/v2\/tags?post=16852"}],"curies":[{"name":"wp","href":"https:\/\/api.w.org\/{rel}","templated":true}]}}