{"id":16766,"date":"2025-10-14T13:17:17","date_gmt":"2025-10-14T11:17:17","guid":{"rendered":"https:\/\/biblioteca.umh.es\/?p=16766"},"modified":"2025-10-14T13:20:53","modified_gmt":"2025-10-14T11:20:53","slug":"implementacion-practica-de-los-principios-y-compromisos-de-coara-en-aneca-20-de-octubre","status":"publish","type":"post","link":"https:\/\/biblioteca.umh.es\/ca\/2025\/10\/14\/implementacion-practica-de-los-principios-y-compromisos-de-coara-en-aneca-20-de-octubre\/","title":{"rendered":"Implementaci\u00f3 pr\u00e0ctica dels principis i compromisos de CoARA en ANECA. 20 d&#8217;Octubre."},"content":{"rendered":"<p><\/p>\n<p style=\"text-align: justify\">En el marc de la<strong> <a href=\"https:\/\/www.openaccessweek.org\/\" target=\"_blank\" rel=\"noopener\">OAWeek 2025<\/a><\/strong>, el GT de Repositoris REBIUN organitza la seg\u00fcent confer\u00e8ncia en l\u00ednia:<\/p>\n<p style=\"text-align: justify\"><b>Implementaci\u00f3n pr\u00e1ctica de los principios y compromisos de CoARA en ANECA<\/b>,&nbsp;a c\u00e0rrec de <strong>Pilar Paneque<\/strong>, directora de l&#8217;Ag\u00e8ncia Nacional d&#8217;Avaluaci\u00f3 de la Qualitat i Acreditaci\u00f3 (ANECA)<\/p>\n<p style=\"text-align: justify\"><strong>ANECA<\/strong> participa activament en la transformaci\u00f3 de l&#8217;avaluaci\u00f3 de la investigaci\u00f3 i la carrera acad\u00e8mica en el marc de l&#8217;acord <strong>CoARA (Coalition for Advancing Research Assessment)<\/strong>. Esta coalici\u00f3, que t\u00e9 per objectiu com\u00fa reformar els m\u00e8todes i processos mitjan\u00e7ant els quals s&#8217;avalua la investigaci\u00f3, est\u00e0 conformada per m\u00e9s de 700 organitzacions, entre les quals hi ha universitats, centres d&#8217;investigaci\u00f3, instituts, associacions professionals, finan\u00e7adors d&#8217;investigaci\u00f3 p\u00fablics i privats, ag\u00e8ncies p\u00fabliques i privades d&#8217;acreditaci\u00f3 i avaluaci\u00f3, societats cient\u00edfiques, etc. Esta iniciativa suposa un canvi de paradigma en l&#8217;avaluaci\u00f3 de la ci\u00e8ncia per a maximitzar la qualitat de la investigaci\u00f3 i les bones pr\u00e0ctiques cient\u00edfiques.<\/p>\n<p style=\"text-align: justify\"><b>Dia:&nbsp;<\/b> Dilluns, 20 d&#8217;octubre&nbsp; <a href=\"https:\/\/biblioteca.umh.es\/files\/2025\/10\/image.png\"><img loading=\"lazy\" class=\"size-medium wp-image-16769 alignright\" src=\"https:\/\/biblioteca.umh.es\/files\/2025\/10\/image-300x213.png\" alt=\"\" width=\"300\" height=\"213\" srcset=\"https:\/\/biblioteca.umh.es\/files\/2025\/10\/image-300x213.png 300w, https:\/\/biblioteca.umh.es\/files\/2025\/10\/image-1024x727.png 1024w, https:\/\/biblioteca.umh.es\/files\/2025\/10\/image-768x545.png 768w, https:\/\/biblioteca.umh.es\/files\/2025\/10\/image-1536x1090.png 1536w, https:\/\/biblioteca.umh.es\/files\/2025\/10\/image.png 1756w\" sizes=\"(max-width: 300px) 100vw, 300px\" \/><\/a><\/p>\n<p style=\"text-align: justify\"><b>Hora:<\/b> 11:00 hores. (hora peninsular)<\/p>\n<p style=\"text-align: justify\"><b>Duraci\u00f3:<\/b> Hora i mitja, incloent-hi torn de preguntes.<\/p>\n<p style=\"text-align: justify\"><a href=\"https:\/\/us06web.zoom.us\/meeting\/register\/txSKB56JQuixUnVmddV6sw#\/registration\" target=\"_blank\" rel=\"noopener\" data-saferedirecturl=\"https:\/\/www.google.com\/url?q=https:\/\/us06web.zoom.us\/meeting\/register\/txSKB56JQuixUnVmddV6sw%23\/registration&amp;source=gmail&amp;ust=1760521061018000&amp;usg=AOvVaw1KbLzPrsuav0uTb0BlubmI\"><b>LINK INSCRIPCI\u00d3<\/b><\/a>&nbsp; &nbsp;<\/p>\n<p><img loading=\"lazy\" class=\"alignnone size-medium wp-image-15419\" src=\"https:\/\/biblioteca.umh.es\/files\/2024\/10\/Copia-de-Diseno-sin-titulo-300x175.png\" alt=\"\" width=\"300\" height=\"175\" srcset=\"https:\/\/biblioteca.umh.es\/files\/2024\/10\/Copia-de-Diseno-sin-titulo-300x175.png 300w, https:\/\/biblioteca.umh.es\/files\/2024\/10\/Copia-de-Diseno-sin-titulo-1024x597.png 1024w, https:\/\/biblioteca.umh.es\/files\/2024\/10\/Copia-de-Diseno-sin-titulo-768x448.png 768w, https:\/\/biblioteca.umh.es\/files\/2024\/10\/Copia-de-Diseno-sin-titulo-1536x896.png 1536w, https:\/\/biblioteca.umh.es\/files\/2024\/10\/Copia-de-Diseno-sin-titulo-2048x1195.png 2048w\" sizes=\"(max-width: 300px) 100vw, 300px\" \/><\/p>","protected":false},"excerpt":{"rendered":"<p>En el marc de la OAWeek 2025, el GT de Repositoris REBIUN organitza la seg\u00fcent confer\u00e8ncia en l\u00ednia:<br \/>\nImplementaci\u00f3n pr\u00e1ctica de los principios y compromisos de CoARA en ANECA,&nbsp;a c\u00e0rrec de Pilar Paneque, directora de l&#8217;Ag\u00e8ncia Nacional d&#8217;Avaluaci\u00f3 de la Qualitat i Acreditaci\u00f3 (ANECA)<br \/>\nANECA participa activament en la transformaci\u00f3 de l&#8217;avaluaci\u00f3 de la investigaci\u00f3 i la [&#8230;]<\/p>\n","protected":false},"author":6155,"featured_media":0,"comment_status":"closed","ping_status":"open","sticky":false,"template":"","format":"standard","meta":{"ngg_post_thumbnail":0,"_links_to":"","_links_to_target":""},"categories":[8667],"tags":[],"_links":{"self":[{"href":"https:\/\/biblioteca.umh.es\/ca\/wp-json\/wp\/v2\/posts\/16766"}],"collection":[{"href":"https:\/\/biblioteca.umh.es\/ca\/wp-json\/wp\/v2\/posts"}],"about":[{"href":"https:\/\/biblioteca.umh.es\/ca\/wp-json\/wp\/v2\/types\/post"}],"author":[{"embeddable":true,"href":"https:\/\/biblioteca.umh.es\/ca\/wp-json\/wp\/v2\/users\/6155"}],"replies":[{"embeddable":true,"href":"https:\/\/biblioteca.umh.es\/ca\/wp-json\/wp\/v2\/comments?post=16766"}],"version-history":[{"count":0,"href":"https:\/\/biblioteca.umh.es\/ca\/wp-json\/wp\/v2\/posts\/16766\/revisions"}],"wp:attachment":[{"href":"https:\/\/biblioteca.umh.es\/ca\/wp-json\/wp\/v2\/media?parent=16766"}],"wp:term":[{"taxonomy":"category","embeddable":true,"href":"https:\/\/biblioteca.umh.es\/ca\/wp-json\/wp\/v2\/categories?post=16766"},{"taxonomy":"post_tag","embeddable":true,"href":"https:\/\/biblioteca.umh.es\/ca\/wp-json\/wp\/v2\/tags?post=16766"}],"curies":[{"name":"wp","href":"https:\/\/api.w.org\/{rel}","templated":true}]}}