{"id":16711,"date":"2025-09-19T14:27:31","date_gmt":"2025-09-19T12:27:31","guid":{"rendered":"https:\/\/biblioteca.umh.es\/?p=16711"},"modified":"2025-09-19T14:27:31","modified_gmt":"2025-09-19T12:27:31","slug":"webinar-de-uptodate-prescripcion-y-deprescripcion-en-salud-mental","status":"publish","type":"post","link":"https:\/\/biblioteca.umh.es\/ca\/2025\/09\/19\/webinar-de-uptodate-prescripcion-y-deprescripcion-en-salud-mental\/","title":{"rendered":"Webinar de UpToDate. Prescripci\u00f3 i desprescripci\u00f3 en salut mental"},"content":{"rendered":"<p><\/p>\n<p data-start=\"123\" data-end=\"320\"><a href=\"https:\/\/biblioteca.umh.es\/files\/2022\/10\/UpToDate.jpg\"><img loading=\"lazy\" class=\"size-medium wp-image-11644 alignleft\" src=\"https:\/\/biblioteca.umh.es\/files\/2022\/10\/UpToDate-300x117.jpg\" alt=\"\" width=\"300\" height=\"117\" srcset=\"https:\/\/biblioteca.umh.es\/files\/2022\/10\/UpToDate-300x117.jpg 300w, https:\/\/biblioteca.umh.es\/files\/2022\/10\/UpToDate.jpg 716w\" sizes=\"(max-width: 300px) 100vw, 300px\" \/><\/a><\/p>\n<p style=\"text-align: justify\">UpToDate organitza el seminari web \u201c<strong data-start=\"152\" data-end=\"249\">Prescripci\u00f3n y deprescripci\u00f3n en salud mental: C\u00f3mo UpToDate puede respaldar tus decisiones<\/strong>\u201d, que tindr\u00e0 lloc el pr\u00f2xim <strong>30 de setembre a les 14:30 hores<\/strong>.<\/p>\n<p style=\"text-align: justify\">En esta sessi\u00f3 s&#8217;abordaran estrat\u00e8gies pr\u00e0ctiques per a una <strong>prescripci\u00f3 i desprescripci\u00f3 m\u00e9s segures<\/strong>, amb exemples reals i el suport de ferramentes basades en l&#8217;evid\u00e8ncia.<\/p>\n<p style=\"text-align: justify\">Si no pots assistir en directe, et recomanem <strong>registrar-te igualment<\/strong>, ja que rebr\u00e0s la gravaci\u00f3 per a veure-la quan et convinga.<\/p>\n<p data-start=\"644\" data-end=\"792\">\u2139\ufe0f Tens m\u00e9s informaci\u00f3 i el formulari d&#8217;inscripci\u00f3 en el seg\u00fcent enlla\u00e7. <a href=\"https:\/\/urldefense.com\/v3\/__https:\/www.wolterskluwer.com\/es\/events\/salud-mental-prescribir-y-deprescribir-con-confianza?utm_source=SalesTemplate&amp;utm_medium=email&amp;utm_campaign=2025_09_16_LexiwebinarES_Demand_INT_HighMaturity_Europe&amp;mkt_tok=NTkxLVdKVy0xMTUAAAGc8v5jad3UorGCG3P146FBM9ohQvFvHzybK3ujdOeH0Me3g-p9wuTFzDxCCHEBh_kNaPlxzrqJGzeyN6BzGmw__;!!D9dNQwwGXtA!XE_ETJS4qyu6i7gP1RthnJnN9uzAb-AiNIECCpfyY1gL02aFsX1FuFiXUwK_jkcsFQaXrqctTmlZiraHABRQQSBo1xIlQX8Oauw$\" target=\"_blank\" rel=\"noopener\">Registre.<\/a><\/p>\n<p><\/p>","protected":false},"excerpt":{"rendered":"<p>UpToDate organitza el seminari web \u201cPrescripci\u00f3n y deprescripci\u00f3n en salud mental: C\u00f3mo UpToDate puede respaldar tus decisiones\u201d, que tindr\u00e0 lloc el pr\u00f2xim 30 de setembre a les 14:30 hores.<br \/>\nEn esta sessi\u00f3 s&#8217;abordaran estrat\u00e8gies pr\u00e0ctiques per a una prescripci\u00f3 i desprescripci\u00f3 m\u00e9s segures, amb exemples reals i el suport de ferramentes basades en l&#8217;evid\u00e8ncia.<br \/>\nSi no pots [&#8230;]<\/p>\n","protected":false},"author":6155,"featured_media":0,"comment_status":"closed","ping_status":"open","sticky":false,"template":"","format":"standard","meta":{"ngg_post_thumbnail":0,"_links_to":"","_links_to_target":""},"categories":[8667],"tags":[],"_links":{"self":[{"href":"https:\/\/biblioteca.umh.es\/ca\/wp-json\/wp\/v2\/posts\/16711"}],"collection":[{"href":"https:\/\/biblioteca.umh.es\/ca\/wp-json\/wp\/v2\/posts"}],"about":[{"href":"https:\/\/biblioteca.umh.es\/ca\/wp-json\/wp\/v2\/types\/post"}],"author":[{"embeddable":true,"href":"https:\/\/biblioteca.umh.es\/ca\/wp-json\/wp\/v2\/users\/6155"}],"replies":[{"embeddable":true,"href":"https:\/\/biblioteca.umh.es\/ca\/wp-json\/wp\/v2\/comments?post=16711"}],"version-history":[{"count":0,"href":"https:\/\/biblioteca.umh.es\/ca\/wp-json\/wp\/v2\/posts\/16711\/revisions"}],"wp:attachment":[{"href":"https:\/\/biblioteca.umh.es\/ca\/wp-json\/wp\/v2\/media?parent=16711"}],"wp:term":[{"taxonomy":"category","embeddable":true,"href":"https:\/\/biblioteca.umh.es\/ca\/wp-json\/wp\/v2\/categories?post=16711"},{"taxonomy":"post_tag","embeddable":true,"href":"https:\/\/biblioteca.umh.es\/ca\/wp-json\/wp\/v2\/tags?post=16711"}],"curies":[{"name":"wp","href":"https:\/\/api.w.org\/{rel}","templated":true}]}}