{"id":16682,"date":"2025-09-10T16:28:34","date_gmt":"2025-09-10T14:28:34","guid":{"rendered":"https:\/\/biblioteca.umh.es\/?p=16682"},"modified":"2025-09-10T16:31:00","modified_gmt":"2025-09-10T14:31:00","slug":"jornadas-de-bienvenida-en-las-bibliotecas-umh","status":"publish","type":"post","link":"https:\/\/biblioteca.umh.es\/ca\/2025\/09\/10\/jornadas-de-bienvenida-en-las-bibliotecas-umh\/","title":{"rendered":"Jornades de Benvinguda\u00a0a les Biblioteques UMH"},"content":{"rendered":"<p style=\"text-align: justify\"><img loading=\"lazy\" class=\"size-medium wp-image-16688 alignleft\" src=\"https:\/\/biblioteca.umh.es\/files\/2025\/09\/Jornadas-de-Bienvenida-Final-300x300.png\" alt=\"\" width=\"300\" height=\"300\" srcset=\"https:\/\/biblioteca.umh.es\/files\/2025\/09\/Jornadas-de-Bienvenida-Final-300x300.png 300w, https:\/\/biblioteca.umh.es\/files\/2025\/09\/Jornadas-de-Bienvenida-Final-1024x1024.png 1024w, https:\/\/biblioteca.umh.es\/files\/2025\/09\/Jornadas-de-Bienvenida-Final-150x150.png 150w, https:\/\/biblioteca.umh.es\/files\/2025\/09\/Jornadas-de-Bienvenida-Final-768x768.png 768w, https:\/\/biblioteca.umh.es\/files\/2025\/09\/Jornadas-de-Bienvenida-Final.png 1080w\" sizes=\"(max-width: 300px) 100vw, 300px\" \/><\/p>\r\n<p style=\"text-align: justify\">Les <strong>Biblioteques<\/strong> de la <strong>Universitat Miguel Hern\u00e1ndez <\/strong>han&nbsp;donat principi a&nbsp;les seues tradicionals <strong>Jornades de&nbsp;Benvinguda&nbsp;<\/strong>dirigides a l&#8217;alumnat de nou ingr\u00e9s.&nbsp;Estes&nbsp;sessions permeten als estudiants descobrir tots els servicis que la Biblioteca posa a la seua disposici\u00f3 i familiaritzar-se amb els diferents espais: des de les sales d&#8217;estudi i l&#8217;hemeroteca fins al rac\u00f3 de lectura o el taulell de pr\u00e9stec.<\/p>\r\n<p style=\"text-align: justify\">\r\n\r\n<\/p>\r\n<p style=\"text-align: justify\">En els primers dies, ja ens han visitat grups d&#8217;estudiants de diversos graus, entre ells Dret, Biotecnologia i Ci\u00e8ncia de Dades i&nbsp;Intel\u00b7lig\u00e8ncia Artificial, mostrant inter\u00e9s per con\u00e9ixer a fons els recursos disponibles per a donar suport a la seua formaci\u00f3 acad\u00e8mica.<\/p>\r\n<p style=\"text-align: justify\">\r\n\r\n<\/p>\r\n<p style=\"text-align: justify\">Durant les Jornades, el personal de la Biblioteca acompanya als alumnes en un recorregut pr\u00e0ctic pels diferents tipus de documents que poden consultar i emportar-se en pr\u00e9stec, explicant els terminis, les quantitats i les opcions de renovaci\u00f3.<\/p>\r\n<p style=\"text-align: justify\">\r\n\r\n<\/p>\r\n<p style=\"text-align: justify\">A m\u00e9s, els nous estudiants reben formaci\u00f3 espec\u00edfica per a aprendre a manejar <strong><a href=\"http:\/\/dama.umh.es\" data-type=\"link\" data-id=\"dama.umh.es\">DAMA<\/a><\/strong>, el cercador de la Biblioteca, ferramenta clau per a localitzar materials acad\u00e8mics i d&#8217;investigaci\u00f3. En&nbsp;aquestes&nbsp;sessions s&#8217;expliquen de manera senzilla les opcions de busca, com iniciar sessi\u00f3 en la plataforma, realitzar reserves i gestionar pr\u00e9stecs en l\u00ednia.<\/p>\r\n<p style=\"text-align: justify\">\r\n\r\n<\/p>\r\n<p style=\"text-align: justify\">Amb&nbsp;estes&nbsp;Jornades, la Biblioteca de la UMH reafirma el seu comprom\u00eds de ser un espai obert, accessible i fonamental en la vida universit\u00e0ria dels qui comencen ara la seua etapa acad\u00e8mica.<\/p>\r\n<p style=\"text-align: justify\"><\/p>\r\n<p style=\"text-align: justify\"><img loading=\"lazy\" class=\"size-medium wp-image-15419 alignright\" src=\"https:\/\/biblioteca.umh.es\/files\/2024\/10\/Copia-de-Diseno-sin-titulo-300x175.png\" alt=\"\" width=\"300\" height=\"175\" srcset=\"https:\/\/biblioteca.umh.es\/files\/2024\/10\/Copia-de-Diseno-sin-titulo-300x175.png 300w, https:\/\/biblioteca.umh.es\/files\/2024\/10\/Copia-de-Diseno-sin-titulo-1024x597.png 1024w, https:\/\/biblioteca.umh.es\/files\/2024\/10\/Copia-de-Diseno-sin-titulo-768x448.png 768w, https:\/\/biblioteca.umh.es\/files\/2024\/10\/Copia-de-Diseno-sin-titulo-1536x896.png 1536w, https:\/\/biblioteca.umh.es\/files\/2024\/10\/Copia-de-Diseno-sin-titulo-2048x1195.png 2048w\" sizes=\"(max-width: 300px) 100vw, 300px\" \/><\/p>","protected":false},"excerpt":{"rendered":"<p>Les Biblioteques de la Universitat Miguel Hern\u00e1ndez han&nbsp;donat principi a&nbsp;les seues tradicionals Jornades de&nbsp;Benvinguda&nbsp;dirigides a l&#8217;alumnat de nou ingr\u00e9s.&nbsp;Estes&nbsp;sessions permeten als estudiants descobrir tots els servicis que la Biblioteca posa a la seua disposici\u00f3 i familiaritzar-se amb els diferents espais: des de les sales d&#8217;estudi i l&#8217;hemeroteca fins al rac\u00f3 de lectura o el taulell [&#8230;]<\/p>\n","protected":false},"author":6155,"featured_media":0,"comment_status":"closed","ping_status":"open","sticky":false,"template":"","format":"standard","meta":{"ngg_post_thumbnail":0,"_links_to":"","_links_to_target":""},"categories":[1],"tags":[],"_links":{"self":[{"href":"https:\/\/biblioteca.umh.es\/ca\/wp-json\/wp\/v2\/posts\/16682"}],"collection":[{"href":"https:\/\/biblioteca.umh.es\/ca\/wp-json\/wp\/v2\/posts"}],"about":[{"href":"https:\/\/biblioteca.umh.es\/ca\/wp-json\/wp\/v2\/types\/post"}],"author":[{"embeddable":true,"href":"https:\/\/biblioteca.umh.es\/ca\/wp-json\/wp\/v2\/users\/6155"}],"replies":[{"embeddable":true,"href":"https:\/\/biblioteca.umh.es\/ca\/wp-json\/wp\/v2\/comments?post=16682"}],"version-history":[{"count":0,"href":"https:\/\/biblioteca.umh.es\/ca\/wp-json\/wp\/v2\/posts\/16682\/revisions"}],"wp:attachment":[{"href":"https:\/\/biblioteca.umh.es\/ca\/wp-json\/wp\/v2\/media?parent=16682"}],"wp:term":[{"taxonomy":"category","embeddable":true,"href":"https:\/\/biblioteca.umh.es\/ca\/wp-json\/wp\/v2\/categories?post=16682"},{"taxonomy":"post_tag","embeddable":true,"href":"https:\/\/biblioteca.umh.es\/ca\/wp-json\/wp\/v2\/tags?post=16682"}],"curies":[{"name":"wp","href":"https:\/\/api.w.org\/{rel}","templated":true}]}}