{"id":16664,"date":"2025-09-04T17:34:37","date_gmt":"2025-09-04T15:34:37","guid":{"rendered":"https:\/\/biblioteca.umh.es\/?p=16664"},"modified":"2025-09-04T17:34:37","modified_gmt":"2025-09-04T15:34:37","slug":"seminarios-web-de-wiley-para-investigadores-calendario-completo","status":"publish","type":"post","link":"https:\/\/biblioteca.umh.es\/ca\/2025\/09\/04\/seminarios-web-de-wiley-para-investigadores-calendario-completo\/","title":{"rendered":"Seminaris web de Wiley per a investigadors. Calendari Complet."},"content":{"rendered":"<p><\/p>\n<p style=\"text-align: justify\"><a href=\"https:\/\/biblioteca.umh.es\/files\/2025\/09\/Wiley-Online.png\"><img loading=\"lazy\" class=\"size-medium wp-image-16670 alignleft\" src=\"https:\/\/biblioteca.umh.es\/files\/2025\/09\/Wiley-Online-300x144.png\" alt=\"\" width=\"300\" height=\"144\" srcset=\"https:\/\/biblioteca.umh.es\/files\/2025\/09\/Wiley-Online-300x144.png 300w, https:\/\/biblioteca.umh.es\/files\/2025\/09\/Wiley-Online.png 324w\" sizes=\"(max-width: 300px) 100vw, 300px\" \/><\/a><\/p>\n<p style=\"text-align: justify\">L&#8217;editorial <strong>Wiley<\/strong> ha posat en marxa una s\u00e8rie de tallers formatius dirigits a autors i investigadors espanyols. Estes sessions, disponibles en <strong>espanyol, catal\u00e0 i angl\u00e9s<\/strong>, estan dissenyades per a donar resposta a les necessitats espec\u00edfiques de la comunitat investigadora hispanoparlant.<\/p>\n<p style=\"text-align: justify\">Els tallers abordaran temes clau com: <strong>comprensi\u00f3 del flux editorial<\/strong> amb Wiley, selecci\u00f3 de la revista adequada, redacci\u00f3 cient\u00edfica efica\u00e7, <strong>publicaci\u00f3 en acc\u00e9s obert<\/strong>, drets d&#8217;autor i llic\u00e8ncies Creative Commons, aix\u00ed com estrat\u00e8gies per a incrementar la <strong>visibilitat i impacte de les publicacions<\/strong>.<\/p>\n<p style=\"text-align: justify\">\u00c9s obligatori inscriure&#8217;s per a participar en les sessions. En finalitzar cada sessi\u00f3, els participants rebran un certificat de participaci\u00f3. Totes les activitats seran gravades per a la seua posterior consulta.<\/p>\n<p style=\"text-align: justify\">&nbsp;<img class=\"an1\" src=\"https:\/\/fonts.gstatic.com\/s\/e\/notoemoji\/16.0\/1f4cc\/72.png\" alt=\"\" data-emoji=\"\" aria-label=\"\"><b>Acc\u00e9s als tallers <a title=\"https:\/\/sway.cloud.microsoft\/K5kZLZ7AHwwVx2Hf?ref=Link\" href=\"https:\/\/urldefense.com\/v3\/__https:\/sway.cloud.microsoft\/K5kZLZ7AHwwVx2Hf?ref=Link__;!!D9dNQwwGXtA!QzR25r5x9jzAGVCQ5LTFL2ZaXV109oYdc5rK_uUFiif2KOvpsabUy-o2kUk4ErBYp4FRqBSf4_rS4dp8Bg$\" target=\"_blank\" rel=\"noopener\" data-saferedirecturl=\"https:\/\/www.google.com\/url?q=https:\/\/urldefense.com\/v3\/__https:\/sway.cloud.microsoft\/K5kZLZ7AHwwVx2Hf?ref%3DLink__;!!D9dNQwwGXtA!QzR25r5x9jzAGVCQ5LTFL2ZaXV109oYdc5rK_uUFiif2KOvpsabUy-o2kUk4ErBYp4FRqBSf4_rS4dp8Bg$&amp;source=gmail&amp;ust=1757082208876000&amp;usg=AOvVaw2mFXllZRiSMNTTehcHsivJ\">a\u00e7\u00ed<\/a><\/b><\/p>\n<p style=\"text-align: justify\">Des de la Biblioteca, animem a investigadors, docents i estudiants de doctorat a participar i aprofitar els recursos que Wiley posa a la disposici\u00f3 de la comunitat acad\u00e8mica.<\/p>\n<p><\/p>","protected":false},"excerpt":{"rendered":"<p>L&#8217;editorial Wiley ha posat en marxa una s\u00e8rie de tallers formatius dirigits a autors i investigadors espanyols. Estes sessions, disponibles en espanyol, catal\u00e0 i angl\u00e9s, estan dissenyades per a donar resposta a les necessitats espec\u00edfiques de la comunitat investigadora hispanoparlant.<br \/>\nEls tallers abordaran temes clau com: comprensi\u00f3 del flux editorial amb Wiley, selecci\u00f3 de la revista [&#8230;]<\/p>\n","protected":false},"author":6155,"featured_media":0,"comment_status":"closed","ping_status":"open","sticky":false,"template":"","format":"standard","meta":{"ngg_post_thumbnail":0,"_links_to":"","_links_to_target":""},"categories":[8667],"tags":[],"_links":{"self":[{"href":"https:\/\/biblioteca.umh.es\/ca\/wp-json\/wp\/v2\/posts\/16664"}],"collection":[{"href":"https:\/\/biblioteca.umh.es\/ca\/wp-json\/wp\/v2\/posts"}],"about":[{"href":"https:\/\/biblioteca.umh.es\/ca\/wp-json\/wp\/v2\/types\/post"}],"author":[{"embeddable":true,"href":"https:\/\/biblioteca.umh.es\/ca\/wp-json\/wp\/v2\/users\/6155"}],"replies":[{"embeddable":true,"href":"https:\/\/biblioteca.umh.es\/ca\/wp-json\/wp\/v2\/comments?post=16664"}],"version-history":[{"count":0,"href":"https:\/\/biblioteca.umh.es\/ca\/wp-json\/wp\/v2\/posts\/16664\/revisions"}],"wp:attachment":[{"href":"https:\/\/biblioteca.umh.es\/ca\/wp-json\/wp\/v2\/media?parent=16664"}],"wp:term":[{"taxonomy":"category","embeddable":true,"href":"https:\/\/biblioteca.umh.es\/ca\/wp-json\/wp\/v2\/categories?post=16664"},{"taxonomy":"post_tag","embeddable":true,"href":"https:\/\/biblioteca.umh.es\/ca\/wp-json\/wp\/v2\/tags?post=16664"}],"curies":[{"name":"wp","href":"https:\/\/api.w.org\/{rel}","templated":true}]}}