{"id":16648,"date":"2025-09-02T19:19:48","date_gmt":"2025-09-02T17:19:48","guid":{"rendered":"https:\/\/biblioteca.umh.es\/?p=16648"},"modified":"2025-09-02T19:21:11","modified_gmt":"2025-09-02T17:21:11","slug":"formacion-online-web-of-science-16-17-y-18-de-septiembre","status":"publish","type":"post","link":"https:\/\/biblioteca.umh.es\/ca\/2025\/09\/02\/formacion-online-web-of-science-16-17-y-18-de-septiembre\/","title":{"rendered":"Formaci\u00f3 en l\u00ednia Web of Science. 16, 17 i 18 de Setembre"},"content":{"rendered":"<p><\/p>\n<p style=\"text-align: justify\"><a href=\"https:\/\/biblioteca.umh.es\/files\/2025\/01\/FECYT-WOS.png\"><img loading=\"lazy\" class=\"size-medium wp-image-15839 alignleft\" src=\"https:\/\/biblioteca.umh.es\/files\/2025\/01\/FECYT-WOS-300x157.png\" alt=\"\" width=\"300\" height=\"157\" srcset=\"https:\/\/biblioteca.umh.es\/files\/2025\/01\/FECYT-WOS-300x157.png 300w, https:\/\/biblioteca.umh.es\/files\/2025\/01\/FECYT-WOS-768x401.png 768w, https:\/\/biblioteca.umh.es\/files\/2025\/01\/FECYT-WOS.png 1024w\" sizes=\"(max-width: 300px) 100vw, 300px\" \/><\/a><strong>Formaci\u00f3 en l\u00ednia<\/strong> de la base de dades <strong>Web of Science<\/strong>, organitzat per FECYT juntament amb Clarivate, els dies <strong>16, 17 i 18 de setembre<\/strong>. L&#8217;objectiu \u00e9s oferir un conjunt de seminaris en l\u00ednia en temps real que aporten informaci\u00f3 pas a pas a la comunitat cient\u00edfica i investigadora per mitj\u00e0 de <strong>3 sessions en l\u00ednia gratu\u00eftes<\/strong>, en horari de <strong>14.00 a 15.00<\/strong> hores.&nbsp;<\/p>\n<p style=\"text-align: justify\"><strong>&#8211; Mis primeros pasos con Web of Science. 16 de setembre.&nbsp;<\/strong><\/p>\n<p style=\"text-align: justify\"><strong>&#8211; Buscar en Web of Science y guardar mis consultas. 17 de setembre.&nbsp;<\/strong><strong><br \/>\n<\/strong><\/p>\n<p><strong>&#8211; Sesi\u00f3n especial &#8211; \u00bfQu\u00e9 hay de nuevo en Web of Science? 18 de setembre.&nbsp;<\/strong><\/p>\n<p style=\"text-align: justify\">El termini d&#8217;inscripci\u00f3 a estos cursos es troba obert, podeu fer-ho a trav\u00e9s del seg\u00fcent enlla\u00e7: <a href=\"https:\/\/www.recursoscientificos.fecyt.es\/servicios\/formacion\/online\" target=\"_blank\" rel=\"noopener\">Inscripci\u00f3<\/a>.&nbsp;<img loading=\"lazy\" class=\"size-medium wp-image-8941 alignright\" src=\"https:\/\/biblioteca.umh.es\/files\/2022\/02\/logo-biblioteca-300x153.png\" alt=\"Biblioteca Universitas Miguel Hern\u00e1ndez\" width=\"300\" height=\"153\" srcset=\"https:\/\/biblioteca.umh.es\/files\/2022\/02\/logo-biblioteca-300x153.png 300w, https:\/\/biblioteca.umh.es\/files\/2022\/02\/logo-biblioteca.png 390w\" sizes=\"(max-width: 300px) 100vw, 300px\" \/>\u00c9s obligatori inscriure&#8217;s amb un compte de <strong>correu institucional<\/strong>.<\/p>\n<p>&nbsp;<\/p>","protected":false},"excerpt":{"rendered":"<p>Formaci\u00f3 en l\u00ednia de la base de dades Web of Science, organitzat per FECYT juntament amb Clarivate, els dies 16, 17 i 18 de setembre. L&#8217;objectiu \u00e9s oferir un conjunt de seminaris en l\u00ednia en temps real que aporten informaci\u00f3 pas a pas a la comunitat cient\u00edfica i investigadora per mitj\u00e0 de 3 sessions en [&#8230;]<\/p>\n","protected":false},"author":6155,"featured_media":0,"comment_status":"closed","ping_status":"open","sticky":false,"template":"","format":"standard","meta":{"ngg_post_thumbnail":0,"_links_to":"","_links_to_target":""},"categories":[8667],"tags":[],"_links":{"self":[{"href":"https:\/\/biblioteca.umh.es\/ca\/wp-json\/wp\/v2\/posts\/16648"}],"collection":[{"href":"https:\/\/biblioteca.umh.es\/ca\/wp-json\/wp\/v2\/posts"}],"about":[{"href":"https:\/\/biblioteca.umh.es\/ca\/wp-json\/wp\/v2\/types\/post"}],"author":[{"embeddable":true,"href":"https:\/\/biblioteca.umh.es\/ca\/wp-json\/wp\/v2\/users\/6155"}],"replies":[{"embeddable":true,"href":"https:\/\/biblioteca.umh.es\/ca\/wp-json\/wp\/v2\/comments?post=16648"}],"version-history":[{"count":0,"href":"https:\/\/biblioteca.umh.es\/ca\/wp-json\/wp\/v2\/posts\/16648\/revisions"}],"wp:attachment":[{"href":"https:\/\/biblioteca.umh.es\/ca\/wp-json\/wp\/v2\/media?parent=16648"}],"wp:term":[{"taxonomy":"category","embeddable":true,"href":"https:\/\/biblioteca.umh.es\/ca\/wp-json\/wp\/v2\/categories?post=16648"},{"taxonomy":"post_tag","embeddable":true,"href":"https:\/\/biblioteca.umh.es\/ca\/wp-json\/wp\/v2\/tags?post=16648"}],"curies":[{"name":"wp","href":"https:\/\/api.w.org\/{rel}","templated":true}]}}