{"id":16585,"date":"2025-07-18T15:38:00","date_gmt":"2025-07-18T13:38:00","guid":{"rendered":"https:\/\/biblioteca.umh.es\/?p=16585"},"modified":"2025-07-18T15:38:00","modified_gmt":"2025-07-18T13:38:00","slug":"seminario-online-de-clarivate-para-editores-de-revistas-cientificas","status":"publish","type":"post","link":"https:\/\/biblioteca.umh.es\/ca\/2025\/07\/18\/seminario-online-de-clarivate-para-editores-de-revistas-cientificas\/","title":{"rendered":"Seminari en l\u00ednia de Clarivate per a editors de revistes cient\u00edfiques"},"content":{"rendered":"<p><\/p>\n<p style=\"text-align: justify\" data-start=\"279\" data-end=\"574\"><span class=\"hiddenSpellError\">Clarivate<\/span>&nbsp;ha anunciat la celebraci\u00f3 d&#8217;un seminari en l\u00ednia <strong>dirigit<\/strong> de manera exclusiva <strong>a editors de revistes cient\u00edfiques<\/strong>. Es tracta d&#8217;una formaci\u00f3 independent de la <span class=\"hiddenSpellError\">FECYT<\/span>, organitzada per a donar resposta a la creixent demanda d&#8217;aquesta mena d&#8217;activitats per part de la comunitat editorial.<\/p>\n<p style=\"text-align: justify\">El seminari se celebrar\u00e0 el pr\u00f2xim <strong>3 de setembre<\/strong>, ser\u00e0 impartit en <strong>angl\u00e9s<\/strong> i tindr\u00e0 una duraci\u00f3 d&#8217;<strong>una hora<\/strong>, des de les <strong>12.00 h fins a les 13.00 h<\/strong>. Aquesta sessi\u00f3 t\u00e9 com a p\u00fablic objectiu \u00fanicament als <strong>editors de revistes<\/strong>, per la qual cosa no es contemplen certificats d&#8217;assist\u00e8ncia ni es realitzar\u00e0 control de participaci\u00f3, per no estar vinculat a la <span class=\"hiddenSpellError\">FECYT<\/span>.<\/p>\n<p style=\"text-align: justify\"><strong>Data:<\/strong> 3 de setembre<br \/>\n<strong>Hora:<\/strong> De 12.00 h a 13.00 h (en angl\u00e9s)<br \/>\n<strong>Dirigit a:<\/strong> Editors de revistes<br \/>\n<strong>Organitza:<\/strong> <span class=\"hiddenSpellError\">Clarivate<\/span> (sense participaci\u00f3 de <span class=\"hiddenSpellError\">FECYT<\/span>)<\/p>\n<p style=\"text-align: justify\">Des de l&#8217;organitzaci\u00f3 han facilitat un enlla\u00e7 d&#8217;inscripci\u00f3 per a totes aquelles persones interessades a assistir: <a href=\"https:\/\/urldefense.com\/v3\/__https:\/clarivatesupport.webex.com\/weblink\/register\/r07225f752572717de5ecc56b89bdcb7d__;!!D9dNQwwGXtA!VcYw-prCWVQme36Ssxba_ezugn4V_RdXk_1GHteYgNROlicFJnuEB8tRq3gbH3ftsz-v7yd99PZeYSIhKlNvNBVyr3LB9w$\" target=\"_blank\" rel=\"noopener\">Inscripci\u00f3<\/a>.<\/p>\n<p data-start=\"958\" data-end=\"1191\"><a href=\"https:\/\/urldefense.com\/v3\/__https:\/clarivatesupport.webex.com\/weblink\/register\/r07225f752572717de5ecc56b89bdcb7d__;!!D9dNQwwGXtA!VcYw-prCWVQme36Ssxba_ezugn4V_RdXk_1GHteYgNROlicFJnuEB8tRq3gbH3ftsz-v7yd99PZeYSIhKlNvNBVyr3LB9w$\" target=\"_blank\" rel=\"noopener\"><img loading=\"lazy\" class=\"aligncenter wp-image-16588 size-large\" src=\"https:\/\/biblioteca.umh.es\/files\/2025\/07\/Captura-de-pantalla-2025-07-18-150826-1024x486.png\" alt=\"\" width=\"1024\" height=\"486\" srcset=\"https:\/\/biblioteca.umh.es\/files\/2025\/07\/Captura-de-pantalla-2025-07-18-150826-1024x486.png 1024w, https:\/\/biblioteca.umh.es\/files\/2025\/07\/Captura-de-pantalla-2025-07-18-150826-300x143.png 300w, https:\/\/biblioteca.umh.es\/files\/2025\/07\/Captura-de-pantalla-2025-07-18-150826-768x365.png 768w, https:\/\/biblioteca.umh.es\/files\/2025\/07\/Captura-de-pantalla-2025-07-18-150826.png 1404w\" sizes=\"(max-width: 1024px) 100vw, 1024px\" \/><\/a><\/p>\n<p data-start=\"1362\" data-end=\"1432\">&nbsp;<\/p>\n<p><\/p>","protected":false},"excerpt":{"rendered":"<p>Clarivate&nbsp;ha anunciat la celebraci\u00f3 d&#8217;un seminari en l\u00ednia dirigit de manera exclusiva a editors de revistes cient\u00edfiques. Es tracta d&#8217;una formaci\u00f3 independent de la FECYT, organitzada per a donar resposta a la creixent demanda d&#8217;aquesta mena d&#8217;activitats per part de la comunitat editorial.<br \/>\nEl seminari se celebrar\u00e0 el pr\u00f2xim 3 de setembre, ser\u00e0 impartit en angl\u00e9s [&#8230;]<\/p>\n","protected":false},"author":6155,"featured_media":0,"comment_status":"closed","ping_status":"open","sticky":false,"template":"","format":"standard","meta":{"ngg_post_thumbnail":0,"_links_to":"","_links_to_target":""},"categories":[8667],"tags":[],"_links":{"self":[{"href":"https:\/\/biblioteca.umh.es\/ca\/wp-json\/wp\/v2\/posts\/16585"}],"collection":[{"href":"https:\/\/biblioteca.umh.es\/ca\/wp-json\/wp\/v2\/posts"}],"about":[{"href":"https:\/\/biblioteca.umh.es\/ca\/wp-json\/wp\/v2\/types\/post"}],"author":[{"embeddable":true,"href":"https:\/\/biblioteca.umh.es\/ca\/wp-json\/wp\/v2\/users\/6155"}],"replies":[{"embeddable":true,"href":"https:\/\/biblioteca.umh.es\/ca\/wp-json\/wp\/v2\/comments?post=16585"}],"version-history":[{"count":0,"href":"https:\/\/biblioteca.umh.es\/ca\/wp-json\/wp\/v2\/posts\/16585\/revisions"}],"wp:attachment":[{"href":"https:\/\/biblioteca.umh.es\/ca\/wp-json\/wp\/v2\/media?parent=16585"}],"wp:term":[{"taxonomy":"category","embeddable":true,"href":"https:\/\/biblioteca.umh.es\/ca\/wp-json\/wp\/v2\/categories?post=16585"},{"taxonomy":"post_tag","embeddable":true,"href":"https:\/\/biblioteca.umh.es\/ca\/wp-json\/wp\/v2\/tags?post=16585"}],"curies":[{"name":"wp","href":"https:\/\/api.w.org\/{rel}","templated":true}]}}