{"id":16306,"date":"2025-05-19T16:04:40","date_gmt":"2025-05-19T14:04:40","guid":{"rendered":"https:\/\/biblioteca.umh.es\/?p=16306"},"modified":"2025-05-19T16:21:43","modified_gmt":"2025-05-19T14:21:43","slug":"la-biblioteca-de-orihuela-salesas-celebra-el-centenario-de-ana-maria-matute","status":"publish","type":"post","link":"https:\/\/biblioteca.umh.es\/ca\/2025\/05\/19\/la-biblioteca-de-orihuela-salesas-celebra-el-centenario-de-ana-maria-matute\/","title":{"rendered":"La Biblioteca d&#8217;Orihuela-Salesas celebra el centenari d&#8217;Ana Mar\u00eda Matute"},"content":{"rendered":"<p><\/p>\n<p style=\"text-align: justify\"><img loading=\"lazy\" class=\"size-medium wp-image-16309 alignleft\" src=\"https:\/\/biblioteca.umh.es\/files\/2025\/05\/Copia-de-Biblioteca-UMH-300x300.png\" alt=\"\" width=\"300\" height=\"300\" srcset=\"https:\/\/biblioteca.umh.es\/files\/2025\/05\/Copia-de-Biblioteca-UMH-300x300.png 300w, https:\/\/biblioteca.umh.es\/files\/2025\/05\/Copia-de-Biblioteca-UMH-1024x1024.png 1024w, https:\/\/biblioteca.umh.es\/files\/2025\/05\/Copia-de-Biblioteca-UMH-150x150.png 150w, https:\/\/biblioteca.umh.es\/files\/2025\/05\/Copia-de-Biblioteca-UMH-768x768.png 768w, https:\/\/biblioteca.umh.es\/files\/2025\/05\/Copia-de-Biblioteca-UMH.png 1080w\" sizes=\"(max-width: 300px) 100vw, 300px\" \/>En el centenari del seu naixement (1925 &#8211; 2025), la <strong>Biblioteca UMH d&#8217;Orihuela-Salesas<\/strong> ret homenatge a <strong>Ana Mar\u00eda Matute<\/strong>, una de les veus m\u00e9s singulars i commovedores de la literatura espanyola del segle XX. Acad\u00e8mica de la RAE, narradora de la inf\u00e0ncia, la postguerra i el fant\u00e0stic, la seua obra \u00e9s un pont entre la cruesa de la realitat i la m\u00e0gia dels contes.&nbsp;<\/p>\n<p style=\"text-align: justify\">A trav\u00e9s de novel\u00b7les com <em>Los hijos muertos<\/em>, <em>Primera memoria<\/em> i <em>Olvidado Rey Gud\u00fa<\/em>, Matute ens va deixar un llegat literari ple de sensibilitat, rebel\u00b7lia i profunditat. Acosta&#8217;t a la Biblioteca i descobrix la seua obra.<\/p>\n<p style=\"text-align: justify\"><img loading=\"lazy\" class=\"size-medium wp-image-15419 alignright\" src=\"https:\/\/biblioteca.umh.es\/files\/2024\/10\/Copia-de-Diseno-sin-titulo-300x175.png\" alt=\"\" width=\"300\" height=\"175\" srcset=\"https:\/\/biblioteca.umh.es\/files\/2024\/10\/Copia-de-Diseno-sin-titulo-300x175.png 300w, https:\/\/biblioteca.umh.es\/files\/2024\/10\/Copia-de-Diseno-sin-titulo-1024x597.png 1024w, https:\/\/biblioteca.umh.es\/files\/2024\/10\/Copia-de-Diseno-sin-titulo-768x448.png 768w, https:\/\/biblioteca.umh.es\/files\/2024\/10\/Copia-de-Diseno-sin-titulo-1536x896.png 1536w, https:\/\/biblioteca.umh.es\/files\/2024\/10\/Copia-de-Diseno-sin-titulo-2048x1195.png 2048w\" sizes=\"(max-width: 300px) 100vw, 300px\" \/><\/p>\n<p><\/p>","protected":false},"excerpt":{"rendered":"<p>En el centenari del seu naixement (1925 &#8211; 2025), la Biblioteca UMH d&#8217;Orihuela-Salesas ret homenatge a Ana Mar\u00eda Matute, una de les veus m\u00e9s singulars i commovedores de la literatura espanyola del segle XX. Acad\u00e8mica de la RAE, narradora de la inf\u00e0ncia, la postguerra i el fant\u00e0stic, la seua obra \u00e9s un pont entre la [&#8230;]<\/p>\n","protected":false},"author":6155,"featured_media":0,"comment_status":"closed","ping_status":"open","sticky":false,"template":"","format":"standard","meta":{"ngg_post_thumbnail":0,"_links_to":"","_links_to_target":""},"categories":[1],"tags":[],"_links":{"self":[{"href":"https:\/\/biblioteca.umh.es\/ca\/wp-json\/wp\/v2\/posts\/16306"}],"collection":[{"href":"https:\/\/biblioteca.umh.es\/ca\/wp-json\/wp\/v2\/posts"}],"about":[{"href":"https:\/\/biblioteca.umh.es\/ca\/wp-json\/wp\/v2\/types\/post"}],"author":[{"embeddable":true,"href":"https:\/\/biblioteca.umh.es\/ca\/wp-json\/wp\/v2\/users\/6155"}],"replies":[{"embeddable":true,"href":"https:\/\/biblioteca.umh.es\/ca\/wp-json\/wp\/v2\/comments?post=16306"}],"version-history":[{"count":0,"href":"https:\/\/biblioteca.umh.es\/ca\/wp-json\/wp\/v2\/posts\/16306\/revisions"}],"wp:attachment":[{"href":"https:\/\/biblioteca.umh.es\/ca\/wp-json\/wp\/v2\/media?parent=16306"}],"wp:term":[{"taxonomy":"category","embeddable":true,"href":"https:\/\/biblioteca.umh.es\/ca\/wp-json\/wp\/v2\/categories?post=16306"},{"taxonomy":"post_tag","embeddable":true,"href":"https:\/\/biblioteca.umh.es\/ca\/wp-json\/wp\/v2\/tags?post=16306"}],"curies":[{"name":"wp","href":"https:\/\/api.w.org\/{rel}","templated":true}]}}