{"id":16295,"date":"2025-05-12T15:47:57","date_gmt":"2025-05-12T13:47:57","guid":{"rendered":"https:\/\/biblioteca.umh.es\/?p=16295"},"modified":"2025-05-12T15:47:57","modified_gmt":"2025-05-12T13:47:57","slug":"16-de-mayo-cierre-de-la-biblioteca-orihuela-epso-a-las-1400-horas","status":"publish","type":"post","link":"https:\/\/biblioteca.umh.es\/ca\/2025\/05\/12\/16-de-mayo-cierre-de-la-biblioteca-orihuela-epso-a-las-1400-horas\/","title":{"rendered":"16 de Maig. Tancament de la Biblioteca Orihuela-EPSO a les 14:00 hores."},"content":{"rendered":"<p><\/p>\n<p style=\"text-align: justify\"><img loading=\"lazy\" class=\"size-medium wp-image-13937 alignleft\" src=\"https:\/\/biblioteca.umh.es\/files\/2023\/07\/Desamparados-300x197.jpg\" alt=\"\" width=\"300\" height=\"197\" srcset=\"https:\/\/biblioteca.umh.es\/files\/2023\/07\/Desamparados-300x197.jpg 300w, https:\/\/biblioteca.umh.es\/files\/2023\/07\/Desamparados-768x504.jpg 768w, https:\/\/biblioteca.umh.es\/files\/2023\/07\/Desamparados.jpg 800w\" sizes=\"(max-width: 300px) 100vw, 300px\" \/><strong>Divendres<\/strong> que ve, <strong>16 de maig<\/strong>, amb motiu del tancament d&#8217;edificis programat per la Direcci\u00f3 de l&#8217;Escola Polit\u00e8cnica Superior d&#8217;Orihuela, per les celebracions de San Isidro, la <strong>Biblioteca d&#8217;Orihuela<\/strong> en <strong>EPSO<\/strong> tancar\u00e0 al p\u00fablic a les <strong>14:00 hores<\/strong>.<br \/>\n<img loading=\"lazy\" class=\"size-medium wp-image-15419 alignright\" src=\"https:\/\/biblioteca.umh.es\/files\/2024\/10\/Copia-de-Diseno-sin-titulo-300x175.png\" alt=\"\" width=\"300\" height=\"175\" srcset=\"https:\/\/biblioteca.umh.es\/files\/2024\/10\/Copia-de-Diseno-sin-titulo-300x175.png 300w, https:\/\/biblioteca.umh.es\/files\/2024\/10\/Copia-de-Diseno-sin-titulo-1024x597.png 1024w, https:\/\/biblioteca.umh.es\/files\/2024\/10\/Copia-de-Diseno-sin-titulo-768x448.png 768w, https:\/\/biblioteca.umh.es\/files\/2024\/10\/Copia-de-Diseno-sin-titulo-1536x896.png 1536w, https:\/\/biblioteca.umh.es\/files\/2024\/10\/Copia-de-Diseno-sin-titulo-2048x1195.png 2048w\" sizes=\"(max-width: 300px) 100vw, 300px\" \/><\/p>\n<p><\/p>","protected":false},"excerpt":{"rendered":"<p>Divendres que ve, 16 de maig, amb motiu del tancament d&#8217;edificis programat per la Direcci\u00f3 de l&#8217;Escola Polit\u00e8cnica Superior d&#8217;Orihuela, per les celebracions de San Isidro, la Biblioteca d&#8217;Orihuela en EPSO tancar\u00e0 al p\u00fablic a les 14:00 hores.<\/p>\n","protected":false},"author":6155,"featured_media":0,"comment_status":"closed","ping_status":"open","sticky":false,"template":"","format":"standard","meta":{"ngg_post_thumbnail":0,"_links_to":"","_links_to_target":""},"categories":[1],"tags":[],"_links":{"self":[{"href":"https:\/\/biblioteca.umh.es\/ca\/wp-json\/wp\/v2\/posts\/16295"}],"collection":[{"href":"https:\/\/biblioteca.umh.es\/ca\/wp-json\/wp\/v2\/posts"}],"about":[{"href":"https:\/\/biblioteca.umh.es\/ca\/wp-json\/wp\/v2\/types\/post"}],"author":[{"embeddable":true,"href":"https:\/\/biblioteca.umh.es\/ca\/wp-json\/wp\/v2\/users\/6155"}],"replies":[{"embeddable":true,"href":"https:\/\/biblioteca.umh.es\/ca\/wp-json\/wp\/v2\/comments?post=16295"}],"version-history":[{"count":0,"href":"https:\/\/biblioteca.umh.es\/ca\/wp-json\/wp\/v2\/posts\/16295\/revisions"}],"wp:attachment":[{"href":"https:\/\/biblioteca.umh.es\/ca\/wp-json\/wp\/v2\/media?parent=16295"}],"wp:term":[{"taxonomy":"category","embeddable":true,"href":"https:\/\/biblioteca.umh.es\/ca\/wp-json\/wp\/v2\/categories?post=16295"},{"taxonomy":"post_tag","embeddable":true,"href":"https:\/\/biblioteca.umh.es\/ca\/wp-json\/wp\/v2\/tags?post=16295"}],"curies":[{"name":"wp","href":"https:\/\/api.w.org\/{rel}","templated":true}]}}