{"id":15849,"date":"2025-02-06T18:17:50","date_gmt":"2025-02-06T17:17:50","guid":{"rendered":"https:\/\/biblioteca.umh.es\/?p=15849"},"modified":"2025-02-06T18:20:58","modified_gmt":"2025-02-06T17:20:58","slug":"gestor-de-referencias-mendeley-formacion-online-25-de-febrero","status":"publish","type":"post","link":"https:\/\/biblioteca.umh.es\/ca\/2025\/02\/06\/gestor-de-referencias-mendeley-formacion-online-25-de-febrero\/","title":{"rendered":"Gestor de refer\u00e8ncies Mendeley. Formaci\u00f3 en l\u00ednia 25 de Febrer."},"content":{"rendered":"<p><img loading=\"lazy\" class=\"size-medium wp-image-15855 alignleft\" src=\"https:\/\/biblioteca.umh.es\/files\/2025\/02\/mendeleyyyyy-300x239.png\" alt=\"\" width=\"300\" height=\"239\" srcset=\"https:\/\/biblioteca.umh.es\/files\/2025\/02\/mendeleyyyyy-300x239.png 300w, https:\/\/biblioteca.umh.es\/files\/2025\/02\/mendeleyyyyy.png 700w\" sizes=\"(max-width: 300px) 100vw, 300px\" \/><\/p>\n<p style=\"text-align: justify\"><strong>Formaci\u00f3 Online<\/strong> del gestor de refer\u00e8ncies <strong>Mendeley Reference Manager<\/strong>, organitzat per Elsevier el pr\u00f2xim <strong>25 de Febrer<\/strong>. Este gestor \u00e9s una important ferramenta d&#8217;ajuda&nbsp; per a emmagatzemar, organitzar, anotar i compartir refer\u00e8ncies i dades d&#8217;investigaci\u00f3. Descobrix com utilitzar les seues funcionalitats per mitj\u00e0 d&#8217;una <strong>sessi\u00f3 gratu\u00efta<\/strong>, a les <strong>11:00<\/strong> hores.<\/p>\n<p style=\"text-align: justify\">No perdes l&#8217;oportunitat de con\u00e9ixer les novetats d&#8217;este gestor, pots inscriure&#8217;t a trav\u00e9s d&#8217;este <a href=\"https:\/\/urldefense.com\/v3\/__https:\/elsevier.zoom.us\/webinar\/register\/WN_55TkY7LySkKH8sDmGNTVJg__;!!D9dNQwwGXtA!Tfin_Y9amLAzisAcWreAVFzPvoQ7jZcjbAL-P2m23XovQIjsfnq8R46bSz-L1O2PJSLNu-PPIGFCD5xq5fFoONbR$\" target=\"_blank\" rel=\"noopener\">enlla\u00e7<\/a>.&nbsp;<\/p>\n<p><a href=\"https:\/\/biblioteca.umh.es\/files\/2024\/10\/Copia-de-Diseno-sin-titulo.png\"><img loading=\"lazy\" class=\"size-medium wp-image-15419 alignright\" src=\"https:\/\/biblioteca.umh.es\/files\/2024\/10\/Copia-de-Diseno-sin-titulo-300x175.png\" alt=\"\" width=\"300\" height=\"175\" srcset=\"https:\/\/biblioteca.umh.es\/files\/2024\/10\/Copia-de-Diseno-sin-titulo-300x175.png 300w, https:\/\/biblioteca.umh.es\/files\/2024\/10\/Copia-de-Diseno-sin-titulo-1024x597.png 1024w, https:\/\/biblioteca.umh.es\/files\/2024\/10\/Copia-de-Diseno-sin-titulo-768x448.png 768w, https:\/\/biblioteca.umh.es\/files\/2024\/10\/Copia-de-Diseno-sin-titulo-1536x896.png 1536w, https:\/\/biblioteca.umh.es\/files\/2024\/10\/Copia-de-Diseno-sin-titulo-2048x1195.png 2048w\" sizes=\"(max-width: 300px) 100vw, 300px\" \/><\/a><\/p>","protected":false},"excerpt":{"rendered":"<p>Formaci\u00f3 Online del gestor de refer\u00e8ncies Mendeley Reference Manager, organitzat per Elsevier el pr\u00f2xim 25 de Febrer. Este gestor \u00e9s una important ferramenta d&#8217;ajuda&nbsp; per a emmagatzemar, organitzar, anotar i compartir refer\u00e8ncies i dades d&#8217;investigaci\u00f3. Descobrix com utilitzar les seues funcionalitats per mitj\u00e0 d&#8217;una sessi\u00f3 gratu\u00efta, a les 11:00 hores.<br \/>\nNo perdes l&#8217;oportunitat de con\u00e9ixer les [&#8230;]<\/p>\n","protected":false},"author":6155,"featured_media":0,"comment_status":"closed","ping_status":"open","sticky":false,"template":"","format":"standard","meta":{"ngg_post_thumbnail":0,"_links_to":"","_links_to_target":""},"categories":[8667],"tags":[],"_links":{"self":[{"href":"https:\/\/biblioteca.umh.es\/ca\/wp-json\/wp\/v2\/posts\/15849"}],"collection":[{"href":"https:\/\/biblioteca.umh.es\/ca\/wp-json\/wp\/v2\/posts"}],"about":[{"href":"https:\/\/biblioteca.umh.es\/ca\/wp-json\/wp\/v2\/types\/post"}],"author":[{"embeddable":true,"href":"https:\/\/biblioteca.umh.es\/ca\/wp-json\/wp\/v2\/users\/6155"}],"replies":[{"embeddable":true,"href":"https:\/\/biblioteca.umh.es\/ca\/wp-json\/wp\/v2\/comments?post=15849"}],"version-history":[{"count":0,"href":"https:\/\/biblioteca.umh.es\/ca\/wp-json\/wp\/v2\/posts\/15849\/revisions"}],"wp:attachment":[{"href":"https:\/\/biblioteca.umh.es\/ca\/wp-json\/wp\/v2\/media?parent=15849"}],"wp:term":[{"taxonomy":"category","embeddable":true,"href":"https:\/\/biblioteca.umh.es\/ca\/wp-json\/wp\/v2\/categories?post=15849"},{"taxonomy":"post_tag","embeddable":true,"href":"https:\/\/biblioteca.umh.es\/ca\/wp-json\/wp\/v2\/tags?post=15849"}],"curies":[{"name":"wp","href":"https:\/\/api.w.org\/{rel}","templated":true}]}}