{"id":15800,"date":"2025-01-15T20:04:39","date_gmt":"2025-01-15T19:04:39","guid":{"rendered":"https:\/\/biblioteca.umh.es\/?p=15800"},"modified":"2025-01-15T20:08:05","modified_gmt":"2025-01-15T19:08:05","slug":"calendario-de-formacion-elibro-enero-2025","status":"publish","type":"post","link":"https:\/\/biblioteca.umh.es\/ca\/2025\/01\/15\/calendario-de-formacion-elibro-enero-2025\/","title":{"rendered":"Calendari de formaci\u00f3 eLibro. Gener 2025."},"content":{"rendered":"<p><\/p>\n<p style=\"text-align: justify\"><a href=\"https:\/\/biblioteca.umh.es\/files\/2024\/04\/elibro-mayo.jpg\"><img loading=\"lazy\" class=\"size-medium wp-image-15057 alignleft\" src=\"https:\/\/biblioteca.umh.es\/files\/2024\/04\/elibro-mayo-300x300.jpg\" alt=\"\" width=\"300\" height=\"300\" srcset=\"https:\/\/biblioteca.umh.es\/files\/2024\/04\/elibro-mayo-300x300.jpg 300w, https:\/\/biblioteca.umh.es\/files\/2024\/04\/elibro-mayo-150x150.jpg 150w, https:\/\/biblioteca.umh.es\/files\/2024\/04\/elibro-mayo.jpg 680w\" sizes=\"(max-width: 300px) 100vw, 300px\" \/><\/a>Nou <strong>Calendari de Formaci\u00f3<\/strong> en <strong>eLibro<\/strong> per al mes de <strong>Gener de 2025<\/strong>. Tots els<strong> dimarts i dijous<\/strong> a les <strong>13.00<\/strong> hores, amb una duraci\u00f3 de <strong>30 minuts<\/strong>. Inscripci\u00f3 oberta a &nbsp;estudiants, investigadors, professors i bibliotecaris.&nbsp;<\/p>\n<p style=\"text-align: justify\">&#8211; Dijous 16.&nbsp;<\/p>\n<p style=\"text-align: justify\">&#8211; Dimarts 21. Especial Dret.&nbsp; &nbsp; &nbsp; &nbsp; &nbsp; &nbsp; &nbsp; &nbsp; &nbsp; &#8211; Dijous 23. Especial Bibliotecaris.<\/p>\n<p style=\"text-align: justify\">&#8211; Dimarts 28.&nbsp; &nbsp; &nbsp; &nbsp; &nbsp; &nbsp; &nbsp; &nbsp; &nbsp; &nbsp; &nbsp; &nbsp; &nbsp; &nbsp; &nbsp; &nbsp; &nbsp; &nbsp; &nbsp; &nbsp; &nbsp; &nbsp; &#8211; Dijous 30. Especial Professors.<\/p>\n<p style=\"text-align: justify\">L&#8217;objectiu del curs \u00e9s manejar la <strong>Biblioteca Virtual eLibro<\/strong>, buscar, crear un compte, subratllar, compartir carpetes, llegir en l\u00ednia, descarregar. <a href=\"https:\/\/www.elibro.es\/\" target=\"_blank\" rel=\"noopener\">Inscriu-te ja<\/a>.<\/p>\n<p style=\"text-align: justify\"><img loading=\"lazy\" class=\"size-medium wp-image-8941 alignright\" src=\"https:\/\/biblioteca.umh.es\/files\/2022\/02\/logo-biblioteca-300x153.png\" alt=\"Biblioteca Universitas Miguel Hern\u00e1ndez\" width=\"300\" height=\"153\" srcset=\"https:\/\/biblioteca.umh.es\/files\/2022\/02\/logo-biblioteca-300x153.png 300w, https:\/\/biblioteca.umh.es\/files\/2022\/02\/logo-biblioteca.png 390w\" sizes=\"(max-width: 300px) 100vw, 300px\" \/><\/p>\n<p><\/p>","protected":false},"excerpt":{"rendered":"<p>Nou Calendari de Formaci\u00f3 en eLibro per al mes de Gener de 2025. Tots els dimarts i dijous a les 13.00 hores, amb una duraci\u00f3 de 30 minuts. Inscripci\u00f3 oberta a &nbsp;estudiants, investigadors, professors i bibliotecaris.&nbsp;<br \/>\n&#8211; Dijous 16.&nbsp;<br \/>\n&#8211; Dimarts 21. Especial Dret.&nbsp; &nbsp; &nbsp; &nbsp; &nbsp; &nbsp; &nbsp; &nbsp; &nbsp; &#8211; Dijous 23. Especial Bibliotecaris.<br \/>\n&#8211; [&#8230;]<\/p>\n","protected":false},"author":6155,"featured_media":0,"comment_status":"closed","ping_status":"open","sticky":false,"template":"","format":"standard","meta":{"ngg_post_thumbnail":0,"_links_to":"","_links_to_target":""},"categories":[8667],"tags":[],"_links":{"self":[{"href":"https:\/\/biblioteca.umh.es\/ca\/wp-json\/wp\/v2\/posts\/15800"}],"collection":[{"href":"https:\/\/biblioteca.umh.es\/ca\/wp-json\/wp\/v2\/posts"}],"about":[{"href":"https:\/\/biblioteca.umh.es\/ca\/wp-json\/wp\/v2\/types\/post"}],"author":[{"embeddable":true,"href":"https:\/\/biblioteca.umh.es\/ca\/wp-json\/wp\/v2\/users\/6155"}],"replies":[{"embeddable":true,"href":"https:\/\/biblioteca.umh.es\/ca\/wp-json\/wp\/v2\/comments?post=15800"}],"version-history":[{"count":0,"href":"https:\/\/biblioteca.umh.es\/ca\/wp-json\/wp\/v2\/posts\/15800\/revisions"}],"wp:attachment":[{"href":"https:\/\/biblioteca.umh.es\/ca\/wp-json\/wp\/v2\/media?parent=15800"}],"wp:term":[{"taxonomy":"category","embeddable":true,"href":"https:\/\/biblioteca.umh.es\/ca\/wp-json\/wp\/v2\/categories?post=15800"},{"taxonomy":"post_tag","embeddable":true,"href":"https:\/\/biblioteca.umh.es\/ca\/wp-json\/wp\/v2\/tags?post=15800"}],"curies":[{"name":"wp","href":"https:\/\/api.w.org\/{rel}","templated":true}]}}