{"id":15454,"date":"2024-10-29T20:32:22","date_gmt":"2024-10-29T19:32:22","guid":{"rendered":"https:\/\/biblioteca.umh.es\/?p=15454"},"modified":"2024-10-29T21:40:40","modified_gmt":"2024-10-29T20:40:40","slug":"visita-del-club-de-lectura-umh-al-aula-didactica-carmelina-sanchez-cutillas-en-altea","status":"publish","type":"post","link":"https:\/\/biblioteca.umh.es\/ca\/2024\/10\/29\/visita-del-club-de-lectura-umh-al-aula-didactica-carmelina-sanchez-cutillas-en-altea\/","title":{"rendered":"Visita del Club de Lectura UMH a l&#8217;Aula Did\u00e0ctica Carmelina S\u00e1nchez-Cutillas a Altea."},"content":{"rendered":"<p><\/p>\n<p style=\"text-align: justify\"><a href=\"https:\/\/biblioteca.umh.es\/files\/2024\/10\/Altea-A.jpg\" target=\"_blank\" rel=\"noopener\"><img loading=\"lazy\" class=\"size-medium wp-image-15460 alignleft\" src=\"https:\/\/biblioteca.umh.es\/files\/2024\/10\/Altea-A-300x225.jpg\" alt=\"\" width=\"300\" height=\"225\" srcset=\"https:\/\/biblioteca.umh.es\/files\/2024\/10\/Altea-A-300x225.jpg 300w, https:\/\/biblioteca.umh.es\/files\/2024\/10\/Altea-A-1024x768.jpg 1024w, https:\/\/biblioteca.umh.es\/files\/2024\/10\/Altea-A-768x576.jpg 768w, https:\/\/biblioteca.umh.es\/files\/2024\/10\/Altea-A-1536x1152.jpg 1536w, https:\/\/biblioteca.umh.es\/files\/2024\/10\/Altea-A.jpg 1600w\" sizes=\"(max-width: 300px) 100vw, 300px\" \/><\/a>El <strong>Club de Lectura UMH<\/strong> va realitzar, dissabte passat 19 d&#8217;octubre, una inspiradora visita a l&#8217;<strong>Aula Did\u00e0ctica Carmelina S\u00e1nchez-Cutillas d&#8217;Altea<\/strong>.<\/p>\n<p style=\"text-align: justify\">Esta activitat, a la qual van ser convidats els membres del Club de Lectura UMH, ha perm\u00e9s aprofundir en el llegat literari i cultural d&#8217;una de les figures m\u00e9s destacades de la literatura valenciana. Els visitants van explorar l&#8217;exposici\u00f3 i materials did\u00e0ctics de l&#8217;aula, que inclouen manuscrits, documents in\u00e8dits, i un recorregut biogr\u00e0fic que il\u00b7lustra el seu paper com a autora, investigadora i defensora del patrimoni valenci\u00e0.<\/p>\n<p style=\"text-align: justify\">Durant la jornada, els membres del club van tindre a m\u00e9s l&#8217;oportunitat de realitzar un recorregut per Altea i visitar diferents localitzacions esmentades en la seua obra emblem\u00e0tica, <strong><em>Mat\u00e8ria de Bretanya<\/em><\/strong>, novel\u00b7la protagonista d&#8217;una de les reunions del curs passat del Club de Lectura.<\/p>\n<p style=\"text-align: justify\"><em><img loading=\"lazy\" class=\"size-medium wp-image-15419 alignright\" src=\"https:\/\/biblioteca.umh.es\/files\/2024\/10\/Copia-de-Diseno-sin-titulo-300x175.png\" alt=\"\" width=\"300\" height=\"175\" srcset=\"https:\/\/biblioteca.umh.es\/files\/2024\/10\/Copia-de-Diseno-sin-titulo-300x175.png 300w, https:\/\/biblioteca.umh.es\/files\/2024\/10\/Copia-de-Diseno-sin-titulo-1024x597.png 1024w, https:\/\/biblioteca.umh.es\/files\/2024\/10\/Copia-de-Diseno-sin-titulo-768x448.png 768w, https:\/\/biblioteca.umh.es\/files\/2024\/10\/Copia-de-Diseno-sin-titulo-1536x896.png 1536w, https:\/\/biblioteca.umh.es\/files\/2024\/10\/Copia-de-Diseno-sin-titulo-2048x1195.png 2048w\" sizes=\"(max-width: 300px) 100vw, 300px\" \/><\/em><\/p>\n<p><\/p>","protected":false},"excerpt":{"rendered":"<p>El Club de Lectura UMH va realitzar, dissabte passat 19 d&#8217;octubre, una inspiradora visita a l&#8217;Aula Did\u00e0ctica Carmelina S\u00e1nchez-Cutillas d&#8217;Altea.<br \/>\nEsta activitat, a la qual van ser convidats els membres del Club de Lectura UMH, ha perm\u00e9s aprofundir en el llegat literari i cultural d&#8217;una de les figures m\u00e9s destacades de la literatura valenciana. Els visitants [&#8230;]<\/p>\n","protected":false},"author":6155,"featured_media":0,"comment_status":"closed","ping_status":"open","sticky":false,"template":"","format":"standard","meta":{"ngg_post_thumbnail":0,"_links_to":"","_links_to_target":""},"categories":[3425],"tags":[],"_links":{"self":[{"href":"https:\/\/biblioteca.umh.es\/ca\/wp-json\/wp\/v2\/posts\/15454"}],"collection":[{"href":"https:\/\/biblioteca.umh.es\/ca\/wp-json\/wp\/v2\/posts"}],"about":[{"href":"https:\/\/biblioteca.umh.es\/ca\/wp-json\/wp\/v2\/types\/post"}],"author":[{"embeddable":true,"href":"https:\/\/biblioteca.umh.es\/ca\/wp-json\/wp\/v2\/users\/6155"}],"replies":[{"embeddable":true,"href":"https:\/\/biblioteca.umh.es\/ca\/wp-json\/wp\/v2\/comments?post=15454"}],"version-history":[{"count":0,"href":"https:\/\/biblioteca.umh.es\/ca\/wp-json\/wp\/v2\/posts\/15454\/revisions"}],"wp:attachment":[{"href":"https:\/\/biblioteca.umh.es\/ca\/wp-json\/wp\/v2\/media?parent=15454"}],"wp:term":[{"taxonomy":"category","embeddable":true,"href":"https:\/\/biblioteca.umh.es\/ca\/wp-json\/wp\/v2\/categories?post=15454"},{"taxonomy":"post_tag","embeddable":true,"href":"https:\/\/biblioteca.umh.es\/ca\/wp-json\/wp\/v2\/tags?post=15454"}],"curies":[{"name":"wp","href":"https:\/\/api.w.org\/{rel}","templated":true}]}}