{"id":15204,"date":"2024-09-19T14:35:26","date_gmt":"2024-09-19T12:35:26","guid":{"rendered":"https:\/\/biblioteca.umh.es\/?p=15204"},"modified":"2024-09-19T14:35:26","modified_gmt":"2024-09-19T12:35:26","slug":"calendario-de-formacion-elibro-septiembre-2024","status":"publish","type":"post","link":"https:\/\/biblioteca.umh.es\/ca\/2024\/09\/19\/calendario-de-formacion-elibro-septiembre-2024\/","title":{"rendered":"Calendari de formaci\u00f3 eLibro Setembre 2024"},"content":{"rendered":"<p><\/p>\n<p style=\"text-align: justify\"><img loading=\"lazy\" class=\"size-medium wp-image-15207 alignleft\" src=\"https:\/\/biblioteca.umh.es\/files\/2024\/09\/elibro345-300x300.jpeg\" alt=\"\" width=\"300\" height=\"300\" srcset=\"https:\/\/biblioteca.umh.es\/files\/2024\/09\/elibro345-300x300.jpeg 300w, https:\/\/biblioteca.umh.es\/files\/2024\/09\/elibro345-1024x1024.jpeg 1024w, https:\/\/biblioteca.umh.es\/files\/2024\/09\/elibro345-150x150.jpeg 150w, https:\/\/biblioteca.umh.es\/files\/2024\/09\/elibro345-768x768.jpeg 768w, https:\/\/biblioteca.umh.es\/files\/2024\/09\/elibro345-1536x1536.jpeg 1536w, https:\/\/biblioteca.umh.es\/files\/2024\/09\/elibro345-2048x2048.jpeg 2048w\" sizes=\"(max-width: 300px) 100vw, 300px\" \/><\/p>\n<p>Nou <strong>Calendari de Formaci\u00f3<\/strong> en <strong>eLibro<\/strong> per al mes de <strong>Setembre de 2024<\/strong>. Tots els dimarts a les <strong>13:00 hores<\/strong>, amb una duraci\u00f3 de <strong>30 minuts<\/strong>. Inscripci\u00f3 oberta a &nbsp;estudiants, investigadors, professors i bibliotecaris.&nbsp;<\/p>\n<p>L&#8217;objectiu del curs \u00e9s manejar la Biblioteca Virtual eLibro, buscar, crear un compte, subratllar, compartir carpetes, llegir en l\u00ednia, descarregar. <a href=\"https:\/\/www.elibro.es\/\" target=\"_blank\" rel=\"noopener\">Inscriu-te ja.<\/a><img loading=\"lazy\" class=\"size-medium wp-image-8941 alignright\" src=\"https:\/\/biblioteca.umh.es\/files\/2022\/02\/logo-biblioteca-300x153.png\" alt=\"Biblioteca Universitas Miguel Hern\u00e1ndez\" width=\"300\" height=\"153\" srcset=\"https:\/\/biblioteca.umh.es\/files\/2022\/02\/logo-biblioteca-300x153.png 300w, https:\/\/biblioteca.umh.es\/files\/2022\/02\/logo-biblioteca.png 390w\" sizes=\"(max-width: 300px) 100vw, 300px\" \/><\/p>","protected":false},"excerpt":{"rendered":"<p>Nou Calendari de Formaci\u00f3 en eLibro per al mes de Setembre de 2024. Tots els dimarts a les 13:00 hores, amb una duraci\u00f3 de 30 minuts. Inscripci\u00f3 oberta a &nbsp;estudiants, investigadors, professors i bibliotecaris.&nbsp;<br \/>\nL&#8217;objectiu del curs \u00e9s manejar la Biblioteca Virtual eLibro, buscar, crear un compte, subratllar, compartir carpetes, llegir en l\u00ednia, descarregar. Inscriu-te ja.<\/p>\n","protected":false},"author":6155,"featured_media":0,"comment_status":"closed","ping_status":"open","sticky":false,"template":"","format":"standard","meta":{"ngg_post_thumbnail":0,"_links_to":"","_links_to_target":""},"categories":[8667],"tags":[],"_links":{"self":[{"href":"https:\/\/biblioteca.umh.es\/ca\/wp-json\/wp\/v2\/posts\/15204"}],"collection":[{"href":"https:\/\/biblioteca.umh.es\/ca\/wp-json\/wp\/v2\/posts"}],"about":[{"href":"https:\/\/biblioteca.umh.es\/ca\/wp-json\/wp\/v2\/types\/post"}],"author":[{"embeddable":true,"href":"https:\/\/biblioteca.umh.es\/ca\/wp-json\/wp\/v2\/users\/6155"}],"replies":[{"embeddable":true,"href":"https:\/\/biblioteca.umh.es\/ca\/wp-json\/wp\/v2\/comments?post=15204"}],"version-history":[{"count":0,"href":"https:\/\/biblioteca.umh.es\/ca\/wp-json\/wp\/v2\/posts\/15204\/revisions"}],"wp:attachment":[{"href":"https:\/\/biblioteca.umh.es\/ca\/wp-json\/wp\/v2\/media?parent=15204"}],"wp:term":[{"taxonomy":"category","embeddable":true,"href":"https:\/\/biblioteca.umh.es\/ca\/wp-json\/wp\/v2\/categories?post=15204"},{"taxonomy":"post_tag","embeddable":true,"href":"https:\/\/biblioteca.umh.es\/ca\/wp-json\/wp\/v2\/tags?post=15204"}],"curies":[{"name":"wp","href":"https:\/\/api.w.org\/{rel}","templated":true}]}}