{"id":15012,"date":"2024-04-17T15:17:06","date_gmt":"2024-04-17T13:17:06","guid":{"rendered":"https:\/\/biblioteca.umh.es\/?p=15012"},"modified":"2024-04-17T15:17:06","modified_gmt":"2024-04-17T13:17:06","slug":"evento-en-el-campus-de-altea-con-motivo-del-dia-internacional-del-libro-y-del-centenario-del-manifiesto-surrealista","status":"publish","type":"post","link":"https:\/\/biblioteca.umh.es\/ca\/2024\/04\/17\/evento-en-el-campus-de-altea-con-motivo-del-dia-internacional-del-libro-y-del-centenario-del-manifiesto-surrealista\/","title":{"rendered":"Esdeveniment al Campus d&#8217;Altea amb motiu del Dia Internacional del Llibre i del Centenari del Manifest Surrealista"},"content":{"rendered":"<p><\/p>\n<p style=\"font-weight: 400;text-align: justify\">Des de la Facultat de Belles arts proposen un divertit i surrealista esdeveniment que tindr\u00e0 lloc el pr\u00f2xim 23 d&#8217;abril a les 11: 00 hores en l&#8217;\u00e0gora, participa:<\/p>\n<ul style=\"text-align: justify\">\n<li style=\"font-weight: 400\"><strong>portant un menjar surrealista el dia de l&#8217;esdeveniment.<\/strong><\/li>\n<li style=\"font-weight: 400\"><strong>en l&#8217;exposici\u00f3 un Llibre -Objecte:<\/strong>&nbsp;deposita a la biblioteca el llibre-objecte amb el qual vulgues participar, abans del dia 23.<\/li>\n<li style=\"font-weight: 400\"><strong>en la \u201cCita a Cegues amb un Llibre\u201d:<\/strong> deposita a la biblioteca, abans del dia 23, un llibre que tingues a casa, embolica&#8217;l i escriu una frase en l&#8217;embolcall que el descriga o que a tu t&#8217;agrade. Tots els llibres es posaran en l&#8217;\u00e0gora i&nbsp;es far\u00e0 un Intercanvi a Cegues, \u00e9s a dir, podr\u00e0s triar un dels llibres embolicats per la frase m\u00e9s t&#8217;agrade que porte escrita.&nbsp;Aix\u00ed s&#8217;alliberaran i intercanviaran llibres en esta \u00abcita a cegues\u00bb.<\/li>\n<\/ul>\n<p style=\"font-weight: 400;text-align: justify\"><strong>Respecte a l&#8217;Exposici\u00f3 dels LLIBRES-OBJECTE:<\/strong><\/p>\n<ul style=\"text-align: justify\">\n<li style=\"font-weight: 400\">Els llibres que porteu seran exposats en l&#8217;\u00e0gora el dia 23 a les 11.00 hores.<\/li>\n<\/ul>\n<ul style=\"font-weight: 400;text-align: justify\">\n<li>A m\u00e9s, s&#8217;oferix la possibilitat de fer l&#8217;exposici\u00f3 itinerant.<\/li>\n<li>Per a aix\u00f2, qui aix\u00ed ho desitge, els llibres-objecte exhibits el dia 23 en l&#8217;\u00e0gora del Campus seran arreplegats per l&#8217;organitzaci\u00f3 per a realitzar una exposici\u00f3 col\u00b7lectiva en el Bibliolab posteriorment.<\/li>\n<li>Una vegada finalitzada l&#8217;exposici\u00f3 cada pe\u00e7a ser\u00e0 retornada al seu autor\/a juntament amb una const\u00e0ncia de participaci\u00f3 tant en l&#8217;esdeveniment de l&#8217;\u00e0gora com en l&#8217;exposici\u00f3 del BiblioLab.<\/li>\n<\/ul>\n<p style=\"font-weight: 400;text-align: justify\">&nbsp; &nbsp; &nbsp; &nbsp; &nbsp; &nbsp; &nbsp; &nbsp; &nbsp; &nbsp; &nbsp; &nbsp; &nbsp; &nbsp; &nbsp; &nbsp; &nbsp; &nbsp; &nbsp; &nbsp; &nbsp; &nbsp; &nbsp; &nbsp; &nbsp; &nbsp; &nbsp; &nbsp; &nbsp; &nbsp; &nbsp; &nbsp; &nbsp; &nbsp; &nbsp; Anima&#8217;t a participar!<\/p>\n<p>&nbsp; &nbsp; &nbsp; &nbsp; &nbsp; &nbsp; &nbsp; &nbsp; &nbsp; &nbsp; &nbsp; &nbsp; &nbsp; &nbsp; <a href=\"https:\/\/biblioteca.umh.es\/files\/2024\/04\/Cita-a-ciegas-2024.png\"><img loading=\"lazy\" class=\"alignnone wp-image-15015\" src=\"https:\/\/biblioteca.umh.es\/files\/2024\/04\/Cita-a-ciegas-2024-212x300.png\" alt=\"\" width=\"300\" height=\"424\" srcset=\"https:\/\/biblioteca.umh.es\/files\/2024\/04\/Cita-a-ciegas-2024-212x300.png 212w, https:\/\/biblioteca.umh.es\/files\/2024\/04\/Cita-a-ciegas-2024-724x1024.png 724w, https:\/\/biblioteca.umh.es\/files\/2024\/04\/Cita-a-ciegas-2024-768x1086.png 768w, https:\/\/biblioteca.umh.es\/files\/2024\/04\/Cita-a-ciegas-2024-1086x1536.png 1086w, https:\/\/biblioteca.umh.es\/files\/2024\/04\/Cita-a-ciegas-2024-1448x2048.png 1448w\" sizes=\"(max-width: 300px) 100vw, 300px\" \/><\/a>&nbsp; &nbsp; &nbsp; &nbsp; &nbsp; &nbsp; &nbsp; &nbsp; &nbsp; &nbsp; &nbsp; &nbsp; <a href=\"https:\/\/biblioteca.umh.es\/files\/2024\/04\/Centenario-Surrealista-2024.png\"><img loading=\"lazy\" class=\"alignnone wp-image-15018\" src=\"https:\/\/biblioteca.umh.es\/files\/2024\/04\/Centenario-Surrealista-2024.png\" alt=\"\" width=\"300\" height=\"425\"><\/a><\/p>","protected":false},"excerpt":{"rendered":"<p>Des de la Facultat de Belles arts proposen un divertit i surrealista esdeveniment que tindr\u00e0 lloc el pr\u00f2xim 23 d&#8217;abril a les 11: 00 hores en l&#8217;\u00e0gora, participa:<\/p>\n<p>portant un menjar surrealista el dia de l&#8217;esdeveniment.<br \/>\nen l&#8217;exposici\u00f3 un Llibre -Objecte:&nbsp;deposita a la biblioteca el llibre-objecte amb el qual vulgues participar, abans del dia 23.<br \/>\nen la \u201cCita [&#8230;]<\/p>\n","protected":false},"author":6155,"featured_media":0,"comment_status":"closed","ping_status":"open","sticky":false,"template":"","format":"standard","meta":{"ngg_post_thumbnail":0,"_links_to":"","_links_to_target":""},"categories":[565],"tags":[],"_links":{"self":[{"href":"https:\/\/biblioteca.umh.es\/ca\/wp-json\/wp\/v2\/posts\/15012"}],"collection":[{"href":"https:\/\/biblioteca.umh.es\/ca\/wp-json\/wp\/v2\/posts"}],"about":[{"href":"https:\/\/biblioteca.umh.es\/ca\/wp-json\/wp\/v2\/types\/post"}],"author":[{"embeddable":true,"href":"https:\/\/biblioteca.umh.es\/ca\/wp-json\/wp\/v2\/users\/6155"}],"replies":[{"embeddable":true,"href":"https:\/\/biblioteca.umh.es\/ca\/wp-json\/wp\/v2\/comments?post=15012"}],"version-history":[{"count":0,"href":"https:\/\/biblioteca.umh.es\/ca\/wp-json\/wp\/v2\/posts\/15012\/revisions"}],"wp:attachment":[{"href":"https:\/\/biblioteca.umh.es\/ca\/wp-json\/wp\/v2\/media?parent=15012"}],"wp:term":[{"taxonomy":"category","embeddable":true,"href":"https:\/\/biblioteca.umh.es\/ca\/wp-json\/wp\/v2\/categories?post=15012"},{"taxonomy":"post_tag","embeddable":true,"href":"https:\/\/biblioteca.umh.es\/ca\/wp-json\/wp\/v2\/tags?post=15012"}],"curies":[{"name":"wp","href":"https:\/\/api.w.org\/{rel}","templated":true}]}}