{"id":14104,"date":"2023-10-05T14:56:43","date_gmt":"2023-10-05T12:56:43","guid":{"rendered":"https:\/\/biblioteca.umh.es\/?p=14104"},"modified":"2023-10-05T14:56:43","modified_gmt":"2023-10-05T12:56:43","slug":"ciclo-de-formacion-online-en-scopus-del-16-al-20-de-octubre","status":"publish","type":"post","link":"https:\/\/biblioteca.umh.es\/ca\/2023\/10\/05\/ciclo-de-formacion-online-en-scopus-del-16-al-20-de-octubre\/","title":{"rendered":"Cicle de formaci\u00f3 en l\u00ednia en Scopus. Del 16 al 20 d&#8217;Octubre."},"content":{"rendered":"<p><\/p>\n<p style=\"text-align: justify\"><img loading=\"lazy\" class=\"size-medium wp-image-14107 alignleft\" src=\"https:\/\/biblioteca.umh.es\/files\/2023\/10\/FECYT-Scopus-300x200.png\" alt=\"\" width=\"300\" height=\"200\" srcset=\"https:\/\/biblioteca.umh.es\/files\/2023\/10\/FECYT-Scopus-300x200.png 300w, https:\/\/biblioteca.umh.es\/files\/2023\/10\/FECYT-Scopus-1024x683.png 1024w, https:\/\/biblioteca.umh.es\/files\/2023\/10\/FECYT-Scopus-768x512.png 768w, https:\/\/biblioteca.umh.es\/files\/2023\/10\/FECYT-Scopus.png 1500w\" sizes=\"(max-width: 300px) 100vw, 300px\" \/>Recursos Cient\u00edfics de FECYT, juntament amb Elsevier, ha programat, del <strong>16 al 20 d&#8217;octubre<\/strong> de 2023, el II Cicle de Formaci\u00f3 En l\u00ednia de <strong>Scopus<\/strong>.<\/p>\n<p style=\"text-align: justify\">S&#8217;han establit&nbsp;<strong>10 cursos gratu\u00efts i en castell\u00e0<\/strong>, de 60 minuts de duraci\u00f3, en horari de matins. Amb aix\u00f2, es pret\u00e9n donar a con\u00e9ixer a investigadors, personal bibliotecari i estudiants les \u00faltimes actualitzacions i novetats d&#8217;aquesta base de dades, aix\u00ed com les funcionalitats dissenyades per a les institucions.<\/p>\n<p style=\"text-align: justify\">Podeu trobar la convocat\u00f2ria completa de les jornades de formaci\u00f3 en el seg\u00fcent <a href=\"https:\/\/www.recursoscientificos.fecyt.es\/noticias\/ii-ciclo-formaci%C3%B3n-online-scopus-16-20-de-octubre-de-2023\" target=\"_blank\" rel=\"noopener\">enlla\u00e7<\/a>. La inscripci\u00f3 a aquests cursos ja es troba oberta, recorde inscriure&#8217;s amb un&nbsp;compte de <strong>correu institucional<\/strong>:&nbsp;<a href=\"https:\/\/www.recursoscientificos.fecyt.es\/servicios\/formacion\/online\" target=\"_blank\" rel=\"noopener\">INSCRIPCI\u00d3<\/a>.<br \/>\n<img loading=\"lazy\" class=\"size-medium wp-image-8941 alignright\" src=\"https:\/\/biblioteca.umh.es\/files\/2022\/02\/logo-biblioteca-300x153.png\" alt=\"Biblioteca Universitas Miguel Hern\u00e1ndez\" width=\"300\" height=\"153\" srcset=\"https:\/\/biblioteca.umh.es\/files\/2022\/02\/logo-biblioteca-300x153.png 300w, https:\/\/biblioteca.umh.es\/files\/2022\/02\/logo-biblioteca.png 390w\" sizes=\"(max-width: 300px) 100vw, 300px\" \/><\/p>\n<p style=\"text-align: justify\">&nbsp;<\/p>\n<p><\/p>","protected":false},"excerpt":{"rendered":"<p>Recursos Cient\u00edfics de FECYT, juntament amb Elsevier, ha programat, del 16 al 20 d&#8217;octubre de 2023, el II Cicle de Formaci\u00f3 En l\u00ednia de Scopus.<br \/>\nS&#8217;han establit&nbsp;10 cursos gratu\u00efts i en castell\u00e0, de 60 minuts de duraci\u00f3, en horari de matins. Amb aix\u00f2, es pret\u00e9n donar a con\u00e9ixer a investigadors, personal bibliotecari i estudiants les \u00faltimes [&#8230;]<\/p>\n","protected":false},"author":6155,"featured_media":0,"comment_status":"closed","ping_status":"open","sticky":false,"template":"","format":"standard","meta":{"ngg_post_thumbnail":0,"_links_to":"","_links_to_target":""},"categories":[8667],"tags":[],"_links":{"self":[{"href":"https:\/\/biblioteca.umh.es\/ca\/wp-json\/wp\/v2\/posts\/14104"}],"collection":[{"href":"https:\/\/biblioteca.umh.es\/ca\/wp-json\/wp\/v2\/posts"}],"about":[{"href":"https:\/\/biblioteca.umh.es\/ca\/wp-json\/wp\/v2\/types\/post"}],"author":[{"embeddable":true,"href":"https:\/\/biblioteca.umh.es\/ca\/wp-json\/wp\/v2\/users\/6155"}],"replies":[{"embeddable":true,"href":"https:\/\/biblioteca.umh.es\/ca\/wp-json\/wp\/v2\/comments?post=14104"}],"version-history":[{"count":0,"href":"https:\/\/biblioteca.umh.es\/ca\/wp-json\/wp\/v2\/posts\/14104\/revisions"}],"wp:attachment":[{"href":"https:\/\/biblioteca.umh.es\/ca\/wp-json\/wp\/v2\/media?parent=14104"}],"wp:term":[{"taxonomy":"category","embeddable":true,"href":"https:\/\/biblioteca.umh.es\/ca\/wp-json\/wp\/v2\/categories?post=14104"},{"taxonomy":"post_tag","embeddable":true,"href":"https:\/\/biblioteca.umh.es\/ca\/wp-json\/wp\/v2\/tags?post=14104"}],"curies":[{"name":"wp","href":"https:\/\/api.w.org\/{rel}","templated":true}]}}