{"id":14093,"date":"2023-10-04T15:29:25","date_gmt":"2023-10-04T13:29:25","guid":{"rendered":"https:\/\/biblioteca.umh.es\/?p=14093"},"modified":"2023-10-04T15:29:25","modified_gmt":"2023-10-04T13:29:25","slug":"taller-de-autores-springer-nature-escribir-y-publicar-articulos-cientificos","status":"publish","type":"post","link":"https:\/\/biblioteca.umh.es\/ca\/2023\/10\/04\/taller-de-autores-springer-nature-escribir-y-publicar-articulos-cientificos\/","title":{"rendered":"Taller d&#8217;Autors Springer Nature. Escriure i publicar articles cient\u00edfics."},"content":{"rendered":"<p><\/p>\n<p style=\"text-align: justify\"><img loading=\"lazy\" class=\"size-medium wp-image-14095 alignleft\" src=\"https:\/\/biblioteca.umh.es\/files\/2023\/10\/Springer_Nature-300x300.png\" alt=\"\" width=\"300\" height=\"300\" srcset=\"https:\/\/biblioteca.umh.es\/files\/2023\/10\/Springer_Nature-300x300.png 300w, https:\/\/biblioteca.umh.es\/files\/2023\/10\/Springer_Nature-150x150.png 150w, https:\/\/biblioteca.umh.es\/files\/2023\/10\/Springer_Nature.png 340w\" sizes=\"(max-width: 300px) 100vw, 300px\" \/><\/p>\n<p style=\"text-align: justify\"><strong>Dimecres <\/strong>que ve <strong>25 d&#8217;octubre<\/strong>, <strong>a les 11.00 hores<\/strong>, tindr\u00e0 lloc un taller d&#8217;autors en l\u00ednia, en castell\u00e0, presentat per Nathalie Jacobs, editora executiva en l&#8217;editorial Springer.<\/p>\n<p style=\"text-align: justify\">S&#8217;oferiran <strong>consells<\/strong> pr\u00e0ctics a l&#8217;hora de <strong>preparar un article<\/strong> (estructura l\u00f2gica, estrat\u00e8gia de publicaci\u00f3) i <strong>enviar-lo<\/strong> per a la seua publicaci\u00f3 en Springer Nature.&nbsp;<\/p>\n<p style=\"text-align: justify\">El nombre m\u00e0xim d&#8217;assistents \u00e9s 1000 persones, i el registre est\u00e0 ja obert en el seg\u00fcent <a href=\"https:\/\/attendee.gotowebinar.com\/register\/2553004861308041301\">enlla\u00e7<\/a>.<br \/>\n<img loading=\"lazy\" class=\"size-medium wp-image-8941 alignright\" src=\"https:\/\/biblioteca.umh.es\/files\/2022\/02\/logo-biblioteca-300x153.png\" alt=\"Biblioteca Universitas Miguel Hern\u00e1ndez\" width=\"300\" height=\"153\" srcset=\"https:\/\/biblioteca.umh.es\/files\/2022\/02\/logo-biblioteca-300x153.png 300w, https:\/\/biblioteca.umh.es\/files\/2022\/02\/logo-biblioteca.png 390w\" sizes=\"(max-width: 300px) 100vw, 300px\" \/><\/p>\n<p>&nbsp;<\/p>\n<p>&nbsp;<\/p>","protected":false},"excerpt":{"rendered":"<p>Dimecres que ve 25 d&#8217;octubre, a les 11.00 hores, tindr\u00e0 lloc un taller d&#8217;autors en l\u00ednia, en castell\u00e0, presentat per Nathalie Jacobs, editora executiva en l&#8217;editorial Springer.<br \/>\nS&#8217;oferiran consells pr\u00e0ctics a l&#8217;hora de preparar un article (estructura l\u00f2gica, estrat\u00e8gia de publicaci\u00f3) i enviar-lo per a la seua publicaci\u00f3 en Springer Nature.&nbsp;<br \/>\nEl nombre m\u00e0xim d&#8217;assistents \u00e9s 1000 [&#8230;]<\/p>\n","protected":false},"author":6155,"featured_media":0,"comment_status":"closed","ping_status":"open","sticky":false,"template":"","format":"standard","meta":{"ngg_post_thumbnail":0,"_links_to":"","_links_to_target":""},"categories":[8667],"tags":[],"_links":{"self":[{"href":"https:\/\/biblioteca.umh.es\/ca\/wp-json\/wp\/v2\/posts\/14093"}],"collection":[{"href":"https:\/\/biblioteca.umh.es\/ca\/wp-json\/wp\/v2\/posts"}],"about":[{"href":"https:\/\/biblioteca.umh.es\/ca\/wp-json\/wp\/v2\/types\/post"}],"author":[{"embeddable":true,"href":"https:\/\/biblioteca.umh.es\/ca\/wp-json\/wp\/v2\/users\/6155"}],"replies":[{"embeddable":true,"href":"https:\/\/biblioteca.umh.es\/ca\/wp-json\/wp\/v2\/comments?post=14093"}],"version-history":[{"count":0,"href":"https:\/\/biblioteca.umh.es\/ca\/wp-json\/wp\/v2\/posts\/14093\/revisions"}],"wp:attachment":[{"href":"https:\/\/biblioteca.umh.es\/ca\/wp-json\/wp\/v2\/media?parent=14093"}],"wp:term":[{"taxonomy":"category","embeddable":true,"href":"https:\/\/biblioteca.umh.es\/ca\/wp-json\/wp\/v2\/categories?post=14093"},{"taxonomy":"post_tag","embeddable":true,"href":"https:\/\/biblioteca.umh.es\/ca\/wp-json\/wp\/v2\/tags?post=14093"}],"curies":[{"name":"wp","href":"https:\/\/api.w.org\/{rel}","templated":true}]}}