{"id":13850,"date":"2023-06-22T14:12:45","date_gmt":"2023-06-22T12:12:45","guid":{"rendered":"https:\/\/biblioteca.umh.es\/?p=13850"},"modified":"2023-06-22T14:12:45","modified_gmt":"2023-06-22T12:12:45","slug":"dia-23-de-junio-cierre-de-la-biblioteca-de-ciencias-de-la-salud-por-festivo-local-en-sant-joan-dalacant-2","status":"publish","type":"post","link":"https:\/\/biblioteca.umh.es\/ca\/2023\/06\/22\/dia-23-de-junio-cierre-de-la-biblioteca-de-ciencias-de-la-salud-por-festivo-local-en-sant-joan-dalacant-2\/","title":{"rendered":"Dia 23 de Juny, tancament de la Biblioteca de Ci\u00e8ncies de la Salut per festiu local a Sant Joan d&#8217;Alacant"},"content":{"rendered":"<p><\/p>\n<p style=\"text-align: justify\"><img loading=\"lazy\" class=\"size-medium wp-image-13862 alignleft\" src=\"https:\/\/biblioteca.umh.es\/files\/2023\/06\/UMH-San-Juan-18266-300x200.jpg\" alt=\"\" width=\"300\" height=\"200\" srcset=\"https:\/\/biblioteca.umh.es\/files\/2023\/06\/UMH-San-Juan-18266-300x200.jpg 300w, https:\/\/biblioteca.umh.es\/files\/2023\/06\/UMH-San-Juan-18266-1024x683.jpg 1024w, https:\/\/biblioteca.umh.es\/files\/2023\/06\/UMH-San-Juan-18266-768x512.jpg 768w, https:\/\/biblioteca.umh.es\/files\/2023\/06\/UMH-San-Juan-18266-1536x1024.jpg 1536w, https:\/\/biblioteca.umh.es\/files\/2023\/06\/UMH-San-Juan-18266-2048x1365.jpg 2048w\" sizes=\"(max-width: 300px) 100vw, 300px\" \/>Estimada comunitat universit\u00e0ria, us comuniquem que el pr\u00f2xim dia <strong>23&nbsp;de Juny<\/strong>, divendres, el <strong>Campus de<\/strong> <strong>Sant Joan d&#8217;Alacant<\/strong>, estar\u00e0 tancat per <strong>festivitat local<\/strong>, per aquest motiu no hi haur\u00e0 servei a la nostra <strong>Biblioteca del Campus de Ci\u00e8ncies de la Salut<\/strong>.&nbsp;&nbsp;<\/p>\n<p style=\"text-align: justify\"><img loading=\"lazy\" class=\"size-medium wp-image-8941 alignright\" src=\"https:\/\/biblioteca.umh.es\/files\/2022\/02\/logo-biblioteca-300x153.png\" alt=\"\" width=\"300\" height=\"153\" srcset=\"https:\/\/biblioteca.umh.es\/files\/2022\/02\/logo-biblioteca-300x153.png 300w, https:\/\/biblioteca.umh.es\/files\/2022\/02\/logo-biblioteca.png 390w\" sizes=\"(max-width: 300px) 100vw, 300px\" \/><\/p>\n<p>&nbsp;<\/p>\n<p>&nbsp;<\/p>","protected":false},"excerpt":{"rendered":"<p>Estimada comunitat universit\u00e0ria, us comuniquem que el pr\u00f2xim dia 23&nbsp;de Juny, divendres, el Campus de Sant Joan d&#8217;Alacant, estar\u00e0 tancat per festivitat local, per aquest motiu no hi haur\u00e0 servei a la nostra Biblioteca del Campus de Ci\u00e8ncies de la Salut.&nbsp;&nbsp;<\/p>\n<p>&nbsp;<br \/>\n&nbsp;<\/p>\n","protected":false},"author":6155,"featured_media":0,"comment_status":"closed","ping_status":"open","sticky":false,"template":"","format":"standard","meta":{"ngg_post_thumbnail":0,"_links_to":"","_links_to_target":""},"categories":[1],"tags":[],"_links":{"self":[{"href":"https:\/\/biblioteca.umh.es\/ca\/wp-json\/wp\/v2\/posts\/13850"}],"collection":[{"href":"https:\/\/biblioteca.umh.es\/ca\/wp-json\/wp\/v2\/posts"}],"about":[{"href":"https:\/\/biblioteca.umh.es\/ca\/wp-json\/wp\/v2\/types\/post"}],"author":[{"embeddable":true,"href":"https:\/\/biblioteca.umh.es\/ca\/wp-json\/wp\/v2\/users\/6155"}],"replies":[{"embeddable":true,"href":"https:\/\/biblioteca.umh.es\/ca\/wp-json\/wp\/v2\/comments?post=13850"}],"version-history":[{"count":0,"href":"https:\/\/biblioteca.umh.es\/ca\/wp-json\/wp\/v2\/posts\/13850\/revisions"}],"wp:attachment":[{"href":"https:\/\/biblioteca.umh.es\/ca\/wp-json\/wp\/v2\/media?parent=13850"}],"wp:term":[{"taxonomy":"category","embeddable":true,"href":"https:\/\/biblioteca.umh.es\/ca\/wp-json\/wp\/v2\/categories?post=13850"},{"taxonomy":"post_tag","embeddable":true,"href":"https:\/\/biblioteca.umh.es\/ca\/wp-json\/wp\/v2\/tags?post=13850"}],"curies":[{"name":"wp","href":"https:\/\/api.w.org\/{rel}","templated":true}]}}