{"id":13823,"date":"2023-05-31T14:52:41","date_gmt":"2023-05-31T12:52:41","guid":{"rendered":"https:\/\/biblioteca.umh.es\/?p=13823"},"modified":"2023-05-31T14:52:41","modified_gmt":"2023-05-31T12:52:41","slug":"xxx-conferencia-anual-rebiun-y-xviii-jornadas-crai-rebiun","status":"publish","type":"post","link":"https:\/\/biblioteca.umh.es\/ca\/2023\/05\/31\/xxx-conferencia-anual-rebiun-y-xviii-jornadas-crai-rebiun\/","title":{"rendered":"XXX Confer\u00e8ncia Anual REBIUN i XVIII Jornades CRAI-REBIUN"},"content":{"rendered":"<p><\/p>\n<p style=\"text-align: justify\"><img loading=\"lazy\" class=\"size-medium wp-image-13821 alignleft\" src=\"https:\/\/biblioteca.umh.es\/files\/2023\/05\/REBIUN-300x136.jpg\" alt=\"\" width=\"300\" height=\"136\" srcset=\"https:\/\/biblioteca.umh.es\/files\/2023\/05\/REBIUN-300x136.jpg 300w, https:\/\/biblioteca.umh.es\/files\/2023\/05\/REBIUN-1024x463.jpg 1024w, https:\/\/biblioteca.umh.es\/files\/2023\/05\/REBIUN-768x347.jpg 768w, https:\/\/biblioteca.umh.es\/files\/2023\/05\/REBIUN-1536x694.jpg 1536w, https:\/\/biblioteca.umh.es\/files\/2023\/05\/REBIUN.jpg 1600w\" sizes=\"(max-width: 300px) 100vw, 300px\" \/>Dimecres passat, <strong>24 de maig<\/strong>, es va celebrar la <strong>XXX Confer\u00e8ncia Anual REBIUN<\/strong> en la Universitat d&#8217;Alacant, acte que va comptar, entre altres accions, amb la presentaci\u00f3 de l&#8217;Informe de la Comissi\u00f3 Permanent, l&#8217;estat de desenvolupament del Nou Pla Estrat\u00e8gic, aix\u00ed com debats sobre les activitats de REBIUN.<\/p>\n<p style=\"text-align: justify\">De manera conjunta, els dies <strong>25 i 26 de maig<\/strong> es van desenvolupar les <strong>XVIII Jornades CRAI<\/strong>, celebrades sota el lema &#8216;<strong>Un model de Biblioteca Acad\u00e8mica per a construir el futur<\/strong>&#8216;.<\/p>\n<p style=\"text-align: justify\">Des de les <strong>Biblioteques UMH<\/strong> volem felicitar els organitzadors i assistents d&#8217;aquesta doble cita.<br \/>\n<img loading=\"lazy\" class=\"size-medium wp-image-8941 alignright\" src=\"https:\/\/biblioteca.umh.es\/files\/2022\/02\/logo-biblioteca-300x153.png\" alt=\"Biblioteca Universitas Miguel Hern\u00e1ndez\" width=\"300\" height=\"153\" srcset=\"https:\/\/biblioteca.umh.es\/files\/2022\/02\/logo-biblioteca-300x153.png 300w, https:\/\/biblioteca.umh.es\/files\/2022\/02\/logo-biblioteca.png 390w\" sizes=\"(max-width: 300px) 100vw, 300px\" \/><\/p>\n<p>&nbsp;<\/p>","protected":false},"excerpt":{"rendered":"<p>Dimecres passat, 24 de maig, es va celebrar la XXX Confer\u00e8ncia Anual REBIUN en la Universitat d&#8217;Alacant, acte que va comptar, entre altres accions, amb la presentaci\u00f3 de l&#8217;Informe de la Comissi\u00f3 Permanent, l&#8217;estat de desenvolupament del Nou Pla Estrat\u00e8gic, aix\u00ed com debats sobre les activitats de REBIUN.<br \/>\nDe manera conjunta, els dies 25 i 26 [&#8230;]<\/p>\n","protected":false},"author":6155,"featured_media":0,"comment_status":"closed","ping_status":"open","sticky":false,"template":"","format":"standard","meta":{"ngg_post_thumbnail":0,"_links_to":"","_links_to_target":""},"categories":[1],"tags":[],"_links":{"self":[{"href":"https:\/\/biblioteca.umh.es\/ca\/wp-json\/wp\/v2\/posts\/13823"}],"collection":[{"href":"https:\/\/biblioteca.umh.es\/ca\/wp-json\/wp\/v2\/posts"}],"about":[{"href":"https:\/\/biblioteca.umh.es\/ca\/wp-json\/wp\/v2\/types\/post"}],"author":[{"embeddable":true,"href":"https:\/\/biblioteca.umh.es\/ca\/wp-json\/wp\/v2\/users\/6155"}],"replies":[{"embeddable":true,"href":"https:\/\/biblioteca.umh.es\/ca\/wp-json\/wp\/v2\/comments?post=13823"}],"version-history":[{"count":0,"href":"https:\/\/biblioteca.umh.es\/ca\/wp-json\/wp\/v2\/posts\/13823\/revisions"}],"wp:attachment":[{"href":"https:\/\/biblioteca.umh.es\/ca\/wp-json\/wp\/v2\/media?parent=13823"}],"wp:term":[{"taxonomy":"category","embeddable":true,"href":"https:\/\/biblioteca.umh.es\/ca\/wp-json\/wp\/v2\/categories?post=13823"},{"taxonomy":"post_tag","embeddable":true,"href":"https:\/\/biblioteca.umh.es\/ca\/wp-json\/wp\/v2\/tags?post=13823"}],"curies":[{"name":"wp","href":"https:\/\/api.w.org\/{rel}","templated":true}]}}