{"id":10045,"date":"2022-04-25T09:25:18","date_gmt":"2022-04-25T07:25:18","guid":{"rendered":"https:\/\/biblioteca.umh.es\/?p=10045"},"modified":"2022-04-25T09:25:18","modified_gmt":"2022-04-25T07:25:18","slug":"dia-28-de-abril-cierre-de-la-biblioteca-de-ciencias-de-la-salud-por-festivo-local-en-sant-joan-dalacant","status":"publish","type":"post","link":"https:\/\/biblioteca.umh.es\/ca\/2022\/04\/25\/dia-28-de-abril-cierre-de-la-biblioteca-de-ciencias-de-la-salud-por-festivo-local-en-sant-joan-dalacant\/","title":{"rendered":"Dia 28 d&#8217;Abril tancament de la Biblioteca de Ci\u00e8ncies de la Salut per festiu local a Sant Joan d&#8217;Alacant"},"content":{"rendered":"<p><\/p>\n<p style=\"text-align: justify\"><img loading=\"lazy\" class=\"alignleft wp-image-4509\" src=\"https:\/\/biblioteca.umh.es\/files\/2019\/11\/SAN-JUAN-300x225.jpg\" alt=\"\" width=\"325\" height=\"243\" srcset=\"https:\/\/biblioteca.umh.es\/files\/2019\/11\/SAN-JUAN-300x225.jpg 300w, https:\/\/biblioteca.umh.es\/files\/2019\/11\/SAN-JUAN-768x575.jpg 768w, https:\/\/biblioteca.umh.es\/files\/2019\/11\/SAN-JUAN.jpg 800w\" sizes=\"(max-width: 325px) 100vw, 325px\" \/>Estimada comunitat universit\u00e0ria, us comuniquem que el dia<strong> 28 d&#8217;Abril<\/strong>, Dijous, el <strong>Campus de<\/strong> <strong>San Joan d\u00b4Alacant<\/strong>, estar\u00e0 tancat per <strong>festivitat local<\/strong>, per aquest motiu no hi haur\u00e0 servei a la nostra <strong>Biblioteca del Campus de Ci\u00e8ncies de la Salut<\/strong>.&nbsp;&nbsp;<\/p>\n<p style=\"text-align: justify\"><img loading=\"lazy\" class=\"size-medium wp-image-8941 alignright\" src=\"https:\/\/biblioteca.umh.es\/files\/2022\/02\/logo-biblioteca-300x153.png\" alt=\"\" width=\"300\" height=\"153\" srcset=\"https:\/\/biblioteca.umh.es\/files\/2022\/02\/logo-biblioteca-300x153.png 300w, https:\/\/biblioteca.umh.es\/files\/2022\/02\/logo-biblioteca.png 390w\" sizes=\"(max-width: 300px) 100vw, 300px\" \/><\/p>\n<p>&nbsp;<\/p>\n<p>&nbsp;<\/p>","protected":false},"excerpt":{"rendered":"<p>Estimada comunitat universit\u00e0ria, us comuniquem que el dia 28 d&#8217;Abril, Dijous, el Campus de San Joan d\u00b4Alacant, estar\u00e0 tancat per festivitat local, per aquest motiu no hi haur\u00e0 servei a la nostra Biblioteca del Campus de Ci\u00e8ncies de la Salut.&nbsp;&nbsp;<\/p>\n<p>&nbsp;<br \/>\n&nbsp;<\/p>\n","protected":false},"author":6155,"featured_media":0,"comment_status":"closed","ping_status":"open","sticky":false,"template":"","format":"standard","meta":{"ngg_post_thumbnail":0,"_links_to":"","_links_to_target":""},"categories":[1],"tags":[],"_links":{"self":[{"href":"https:\/\/biblioteca.umh.es\/ca\/wp-json\/wp\/v2\/posts\/10045"}],"collection":[{"href":"https:\/\/biblioteca.umh.es\/ca\/wp-json\/wp\/v2\/posts"}],"about":[{"href":"https:\/\/biblioteca.umh.es\/ca\/wp-json\/wp\/v2\/types\/post"}],"author":[{"embeddable":true,"href":"https:\/\/biblioteca.umh.es\/ca\/wp-json\/wp\/v2\/users\/6155"}],"replies":[{"embeddable":true,"href":"https:\/\/biblioteca.umh.es\/ca\/wp-json\/wp\/v2\/comments?post=10045"}],"version-history":[{"count":0,"href":"https:\/\/biblioteca.umh.es\/ca\/wp-json\/wp\/v2\/posts\/10045\/revisions"}],"wp:attachment":[{"href":"https:\/\/biblioteca.umh.es\/ca\/wp-json\/wp\/v2\/media?parent=10045"}],"wp:term":[{"taxonomy":"category","embeddable":true,"href":"https:\/\/biblioteca.umh.es\/ca\/wp-json\/wp\/v2\/categories?post=10045"},{"taxonomy":"post_tag","embeddable":true,"href":"https:\/\/biblioteca.umh.es\/ca\/wp-json\/wp\/v2\/tags?post=10045"}],"curies":[{"name":"wp","href":"https:\/\/api.w.org\/{rel}","templated":true}]}}